{"id":27179,"date":"2025-01-28T10:44:50","date_gmt":"2025-01-28T10:44:50","guid":{"rendered":"https:\/\/247stiri.ro\/index.php\/2025\/01\/28\/surse-klaus-iohannis-a-pierdut-vila-de-lux-din-aviatorilor-pentru-refacerea-careia-statul-a-prapadit-9-milioane-de-euro\/"},"modified":"2025-01-28T10:44:50","modified_gmt":"2025-01-28T10:44:50","slug":"surse-klaus-iohannis-a-pierdut-vila-de-lux-din-aviatorilor-pentru-refacerea-careia-statul-a-prapadit-9-milioane-de-euro","status":"publish","type":"post","link":"https:\/\/247stiri.ro\/index.php\/2025\/01\/28\/surse-klaus-iohannis-a-pierdut-vila-de-lux-din-aviatorilor-pentru-refacerea-careia-statul-a-prapadit-9-milioane-de-euro\/","title":{"rendered":"SURSE: Klaus Iohannis a pierdut vila de lux din Aviatorilor, pentru refacerea c\u0103reia statul a pr\u0103p\u0103dit 9 milioane de euro!"},"content":{"rendered":"<p>Vila de pe Bd. Aviatorilor fusese transformat\u0103 \u00een \u201dre\u0219edin\u021b\u0103 oficial\u0103 pentru persoanele care au avut calitatea de \u0219ef al statului\u201d printr-o hot\u0103r\u00e2re de guvern semnat\u0103 \u00een 2022.<\/p>\n<p>Lui Klaus Iohannis \u00eei va fi repartizat\u0103 o alt\u0103 locuin\u021b\u0103 de protocol, printre cele vizate num\u0103r\u00e2ndu-se Vila Lac 2.<\/p>\n<p>Renovarea imobilului a st\u00e2rnit controverse \u0219i proteste publice din cauza costurilor ridicate \u0219i a lipsei de transparen\u021b\u0103 \u00een privin\u021ba lucr\u0103rilor.<\/p>\n<p>De asemenea, lucr\u0103rile la vila de pe Bd. Aviatorilor au fost secretizate de Oficiul Registrului Na\u021bional al Informa\u021biilor Secrete de Stat (ORNISS), iar proiectul a fost coordonat de Regia Autonom\u0103 \u2013 Administra\u021bia Patrimoniului Protocolului de Stat (RAAPPS).<\/p>","protected":false},"excerpt":{"rendered":"<p>Vila de pe Bd. Aviatorilor fusese transformat\u0103 \u00een \u201dre\u0219edin\u021b\u0103 oficial\u0103 pentru persoanele care au avut&hellip;<\/p>\n","protected":false},"author":0,"featured_media":27180,"comment_status":"open","ping_status":"open","sticky":false,"template":"","format":"standard","meta":{"footnotes":""},"categories":[3],"tags":[],"class_list":["post-27179","post","type-post","status-publish","format-standard","has-post-thumbnail","hentry","category-politica"],"_links":{"self":[{"href":"https:\/\/247stiri.ro\/index.php\/wp-json\/wp\/v2\/posts\/27179","targetHints":{"allow":["GET"]}}],"collection":[{"href":"https:\/\/247stiri.ro\/index.php\/wp-json\/wp\/v2\/posts"}],"about":[{"href":"https:\/\/247stiri.ro\/index.php\/wp-json\/wp\/v2\/types\/post"}],"replies":[{"embeddable":true,"href":"https:\/\/247stiri.ro\/index.php\/wp-json\/wp\/v2\/comments?post=27179"}],"version-history":[{"count":0,"href":"https:\/\/247stiri.ro\/index.php\/wp-json\/wp\/v2\/posts\/27179\/revisions"}],"wp:featuredmedia":[{"embeddable":true,"href":"https:\/\/247stiri.ro\/index.php\/wp-json\/wp\/v2\/media\/27180"}],"wp:attachment":[{"href":"https:\/\/247stiri.ro\/index.php\/wp-json\/wp\/v2\/media?parent=27179"}],"wp:term":[{"taxonomy":"category","embeddable":true,"href":"https:\/\/247stiri.ro\/index.php\/wp-json\/wp\/v2\/categories?post=27179"},{"taxonomy":"post_tag","embeddable":true,"href":"https:\/\/247stiri.ro\/index.php\/wp-json\/wp\/v2\/tags?post=27179"}],"curies":[{"name":"wp","href":"https:\/\/api.w.org\/{rel}","templated":true}]}}