{"id":27191,"date":"2025-01-28T10:44:54","date_gmt":"2025-01-28T10:44:54","guid":{"rendered":"https:\/\/247stiri.ro\/index.php\/2025\/01\/28\/nicusor-dan-anularea-alegerilor-un-esec-urias-iohannis-are-o-mare-responsabilitate-in-acest-esec\/"},"modified":"2025-01-28T10:44:54","modified_gmt":"2025-01-28T10:44:54","slug":"nicusor-dan-anularea-alegerilor-un-esec-urias-iohannis-are-o-mare-responsabilitate-in-acest-esec","status":"publish","type":"post","link":"https:\/\/247stiri.ro\/index.php\/2025\/01\/28\/nicusor-dan-anularea-alegerilor-un-esec-urias-iohannis-are-o-mare-responsabilitate-in-acest-esec\/","title":{"rendered":"Nicu\u015for Dan: Anularea alegerilor, un e\u0219ec uria\u0219. Iohannis are o mare responsabilitate \u00een acest e\u015fec"},"content":{"rendered":"<p>Nicu\u015for Dan a fost \u00eentrebat, mar\u0163i, \u00eentr-o conferin\u0163\u0103 de pres\u0103, dac\u0103 pre\u015fedintele Klaus Iohannis ar trebui s\u0103 demisioneze \u00een condi\u0163iile \u00een care autorit\u0103\u0163ile nu au explicat mai clar de ce au fost anulate alegerile preziden\u0163iale.<\/p>\n<p>\u201dA fost un uria\u015f e\u015fec faptul c\u0103 Rom\u00e2nia a anulat alegeri. Acele explica\u0163ii pentru care alegerile au fost anulate trebuiau s\u0103 existe \u00eenainte de momentul votului \u015fi nu trebuia s\u0103 ajungem la momentul anul\u0103rii. Deci \u0103sta a fost un uria\u015f e\u015fec. Cu fiecare s\u0103pt\u0103m\u00e2n\u0103 pe care o trecem \u015fi \u00een care nu avem explica\u0163ii suplimentare despre transferuri de bani \u00een cont \u015fi descrierea am\u0103nun\u0163it\u0103 a ce s-a \u00eent\u00e2mplat, e\u015fecul acesta se acutizeaz\u0103\u201d,a afirmat primarul Capitalei.<\/p>\n<p>Nicu\u015for Dan crede c\u0103 pre\u015fedintele Klaus Iohannis \u201dare o mare responsabilitate \u00een acest e\u015fec\u201d.<\/p>\n<p>\u201dNu \u015ftiu dac\u0103 o schimbare a sa ar putea s\u0103 gr\u0103beasc\u0103 procesul de l\u0103murire. A\u015f spune mai degrab\u0103 c\u0103 nu\u201d, a ad\u0103ugat primarul general.\u00a0<\/p>","protected":false},"excerpt":{"rendered":"<p>Nicu\u015for Dan a fost \u00eentrebat, mar\u0163i, \u00eentr-o conferin\u0163\u0103 de pres\u0103, dac\u0103 pre\u015fedintele Klaus Iohannis ar&hellip;<\/p>\n","protected":false},"author":0,"featured_media":27192,"comment_status":"open","ping_status":"open","sticky":false,"template":"","format":"standard","meta":{"footnotes":""},"categories":[2],"tags":[],"class_list":["post-27191","post","type-post","status-publish","format-standard","has-post-thumbnail","hentry","category-actual"],"_links":{"self":[{"href":"https:\/\/247stiri.ro\/index.php\/wp-json\/wp\/v2\/posts\/27191","targetHints":{"allow":["GET"]}}],"collection":[{"href":"https:\/\/247stiri.ro\/index.php\/wp-json\/wp\/v2\/posts"}],"about":[{"href":"https:\/\/247stiri.ro\/index.php\/wp-json\/wp\/v2\/types\/post"}],"replies":[{"embeddable":true,"href":"https:\/\/247stiri.ro\/index.php\/wp-json\/wp\/v2\/comments?post=27191"}],"version-history":[{"count":0,"href":"https:\/\/247stiri.ro\/index.php\/wp-json\/wp\/v2\/posts\/27191\/revisions"}],"wp:featuredmedia":[{"embeddable":true,"href":"https:\/\/247stiri.ro\/index.php\/wp-json\/wp\/v2\/media\/27192"}],"wp:attachment":[{"href":"https:\/\/247stiri.ro\/index.php\/wp-json\/wp\/v2\/media?parent=27191"}],"wp:term":[{"taxonomy":"category","embeddable":true,"href":"https:\/\/247stiri.ro\/index.php\/wp-json\/wp\/v2\/categories?post=27191"},{"taxonomy":"post_tag","embeddable":true,"href":"https:\/\/247stiri.ro\/index.php\/wp-json\/wp\/v2\/tags?post=27191"}],"curies":[{"name":"wp","href":"https:\/\/api.w.org\/{rel}","templated":true}]}}