{"id":2720,"date":"2024-10-29T10:48:31","date_gmt":"2024-10-29T10:48:31","guid":{"rendered":"https:\/\/247stiri.ro\/index.php\/2024\/10\/29\/vine-barza-in-canotaj-vicecampionii-olimpici-care-devin-parinti\/"},"modified":"2024-10-29T10:48:31","modified_gmt":"2024-10-29T10:48:31","slug":"vine-barza-in-canotaj-vicecampionii-olimpici-care-devin-parinti","status":"publish","type":"post","link":"https:\/\/247stiri.ro\/index.php\/2024\/10\/29\/vine-barza-in-canotaj-vicecampionii-olimpici-care-devin-parinti\/","title":{"rendered":"Vine barza \u00een canotaj. Vicecampionii olimpici care devin p\u0103rin\u021bi"},"content":{"rendered":"<p>Canotorii Ionela \u0219i Marius Cozmiuc vor deveni p\u0103rin\u021bi<\/p>\n<p>\u00cen ziua \u00een care au \u00eemplinit 7 ani de c\u0103snicie, Ionela \u0219i Marius Cozmiuc au s\u0103rb\u0103torit \u00eentr-un mod cu totul special. Cei doi sportivi au anun\u021bat c\u0103 vor deveni p\u0103rin\u021bi pentru prima dat\u0103. \u201dCea mai frumoas\u0103 medalie posibil\u0103 este pe drum. Ne-am dorit din tot sufletul s\u0103 avem un copil \u0219i ne bucur\u0103m de aceast\u0103 perioad\u0103\u201d, a fost mesajul celor doi pe pagina lor de socializare.<\/p>\n<p><a href=\"https:\/\/www.realitatea.net\/stiri\/actual\/cum-explica-federatia-de-canotaj-secretara-de-la-federatia-de-canotaj-acuzatiile-potrivit-carora-secretara-a-luat-mai-multi-bani-decat-david-popovici-dupa-jocurile-olimpice_6710063ddb4108681d7e5032\" target=\"_blank\" rel=\"noopener\">Vestea vine<\/a> la scurt timp dup\u0103 ce Ionela \u0219i Marius Cozmiuc au decis s\u0103 se retrag\u0103 din activitatea competi\u021bional\u0103, dup\u0103 o carier\u0103 impresionant\u0103 marcat\u0103 de numeroase medalii la cele mai importante <a href=\"https:\/\/www.realitatea.net\/stiri\/actual\/performanta-made-in-romania-secretara-de-la-federatia-de-canotaj-a-luat-mai-multi-bani-ca-david-popovici-dupa-jocurile-olimpice_670fd70d5321213c6f54a914\" target=\"_blank\" rel=\"noopener\">competi\u021bii interna\u021bionale.<\/a> Cei doi vicecampioni olimpici nu au vrut s\u0103 spun\u0103 \u00eenc\u0103 dac\u0103 vor avea fat\u0103 sau b\u0103iat.<\/p>\n<p>Potrivit jurnali\u0219tilor, cei doi preg\u0103tesc o petrecere fastuoas\u0103 pentru a dezv\u0103luit sexul copilului.\u00a0<\/p>\n\n<p>Sportiva Ionela Cozmiuc, decorat\u0103 de pre\u0219edintele Klaus Iohannis \/ Sursa foto &#8211; Instagram<\/p>\n<p>\u00a0<\/p>","protected":false},"excerpt":{"rendered":"<p>Canotorii Ionela \u0219i Marius Cozmiuc vor deveni p\u0103rin\u021bi \u00cen ziua \u00een care au \u00eemplinit 7&hellip;<\/p>\n","protected":false},"author":0,"featured_media":2721,"comment_status":"open","ping_status":"open","sticky":false,"template":"","format":"standard","meta":{"footnotes":""},"categories":[8],"tags":[],"class_list":["post-2720","post","type-post","status-publish","format-standard","has-post-thumbnail","hentry","category-lifestyle"],"_links":{"self":[{"href":"https:\/\/247stiri.ro\/index.php\/wp-json\/wp\/v2\/posts\/2720","targetHints":{"allow":["GET"]}}],"collection":[{"href":"https:\/\/247stiri.ro\/index.php\/wp-json\/wp\/v2\/posts"}],"about":[{"href":"https:\/\/247stiri.ro\/index.php\/wp-json\/wp\/v2\/types\/post"}],"replies":[{"embeddable":true,"href":"https:\/\/247stiri.ro\/index.php\/wp-json\/wp\/v2\/comments?post=2720"}],"version-history":[{"count":0,"href":"https:\/\/247stiri.ro\/index.php\/wp-json\/wp\/v2\/posts\/2720\/revisions"}],"wp:featuredmedia":[{"embeddable":true,"href":"https:\/\/247stiri.ro\/index.php\/wp-json\/wp\/v2\/media\/2721"}],"wp:attachment":[{"href":"https:\/\/247stiri.ro\/index.php\/wp-json\/wp\/v2\/media?parent=2720"}],"wp:term":[{"taxonomy":"category","embeddable":true,"href":"https:\/\/247stiri.ro\/index.php\/wp-json\/wp\/v2\/categories?post=2720"},{"taxonomy":"post_tag","embeddable":true,"href":"https:\/\/247stiri.ro\/index.php\/wp-json\/wp\/v2\/tags?post=2720"}],"curies":[{"name":"wp","href":"https:\/\/api.w.org\/{rel}","templated":true}]}}