{"id":27209,"date":"2025-01-28T11:44:50","date_gmt":"2025-01-28T11:44:50","guid":{"rendered":"https:\/\/247stiri.ro\/index.php\/2025\/01\/28\/daniel-david-despre-bacalaureat-deocamdata-nu-am-primit-sesizari-cu-privire-la-probleme-majore-lucrurile-se-deruleaza-in-mod-normal\/"},"modified":"2025-01-28T11:44:50","modified_gmt":"2025-01-28T11:44:50","slug":"daniel-david-despre-bacalaureat-deocamdata-nu-am-primit-sesizari-cu-privire-la-probleme-majore-lucrurile-se-deruleaza-in-mod-normal","status":"publish","type":"post","link":"https:\/\/247stiri.ro\/index.php\/2025\/01\/28\/daniel-david-despre-bacalaureat-deocamdata-nu-am-primit-sesizari-cu-privire-la-probleme-majore-lucrurile-se-deruleaza-in-mod-normal\/","title":{"rendered":"Daniel David, despre Bacalaureat: Deocamdat\u0103 nu am primit sesiz\u0103ri cu privire la probleme majore. Lucrurile se deruleaz\u0103 \u00een mod normal"},"content":{"rendered":"<p>Daniel David a fost \u00eentrebat, mar\u0163i, \u00eentr-o conferin\u0163\u0103 de pres\u0103 dac\u0103 au ap\u0103rut probleme la Bacalaureat \u015fi a afirmat: \u201dDeocamdat\u0103, la minister nu am primit sesiz\u0103ri cu privire la probleme majore. Lucrurile se deruleaz\u0103 \u00een mod normal\u201d.<\/p>\n<p>\u201dAdev\u0103rul este c\u0103 to\u0163i trebuie s\u0103 facem un efort, este procedur\u0103 mai nou\u0103 cu mutarea acestor probe de competen\u0163\u0103 \u00een luna ianuarie- februarie. A\u015fa c\u0103 lucrurile care vor ap\u0103rea mai problematice, le vom corecta din mers. To\u0163i trebuie s\u0103 facem acest efort, de dragul elevilor\u201d, a ad\u0103ugat ministrul.<\/p>\n<p>Ministrul a ad\u0103ugat c\u0103 \u201de o metodologie nou\u0103\u201d \u015fi se fac eforturi pentru a fi implementat\u0103 adecvat.<\/p>\n<p>\u201dEra nerealist s\u0103 te apuci, ca ministru, s\u0103 schimbi o astfel de metodologie, c\u00e2nd procesul a fost demarat deja, copiii erau \u00eenscri\u015fi pe liste, pentru probele respective Ce pot s\u0103 fac, \u015fi am f\u0103cut-o de c\u00e2nd sunt ministru, m\u0103 uit \u015fi iau feedbackul din sistem \u015fi prin diverse instruc\u0163iuni \u00eencerc s\u0103 adaptez lucrurile pentru a implementa metodologia\u201d, a mai declarat Daniel David.<\/p>\n<p>\u00centrebat dac\u0103 este un mecanism mai bun fa\u0163\u0103 de anii trecu\u0163i, ministrul Educa\u0163iei a declarat: \u201dNu \u015ftiu, adev\u0103rul este c\u0103\u00a0 eu mereu sunt ghidat de o evaluare de tip evidence base. Voi face o evaluare, inclusiv nu doar prin prisma satisfac\u0163iei celor implica\u0163i \u00een acest proces, ci prin prisma unor rezultate, iar \u00een luna mai, c\u00e2nd voi avea acel raport detaliat, voi putea spune dac\u0103 este o ideea bun\u0103 \u015fi poate fi continuat\u0103 sau nu e o idee bun\u0103 \u015fi va trebui s\u0103 o schimb\u0103m\u201d.<\/p>","protected":false},"excerpt":{"rendered":"<p>Daniel David a fost \u00eentrebat, mar\u0163i, \u00eentr-o conferin\u0163\u0103 de pres\u0103 dac\u0103 au ap\u0103rut probleme la&hellip;<\/p>\n","protected":false},"author":0,"featured_media":27210,"comment_status":"open","ping_status":"open","sticky":false,"template":"","format":"standard","meta":{"footnotes":""},"categories":[2],"tags":[],"class_list":["post-27209","post","type-post","status-publish","format-standard","has-post-thumbnail","hentry","category-actual"],"_links":{"self":[{"href":"https:\/\/247stiri.ro\/index.php\/wp-json\/wp\/v2\/posts\/27209","targetHints":{"allow":["GET"]}}],"collection":[{"href":"https:\/\/247stiri.ro\/index.php\/wp-json\/wp\/v2\/posts"}],"about":[{"href":"https:\/\/247stiri.ro\/index.php\/wp-json\/wp\/v2\/types\/post"}],"replies":[{"embeddable":true,"href":"https:\/\/247stiri.ro\/index.php\/wp-json\/wp\/v2\/comments?post=27209"}],"version-history":[{"count":0,"href":"https:\/\/247stiri.ro\/index.php\/wp-json\/wp\/v2\/posts\/27209\/revisions"}],"wp:featuredmedia":[{"embeddable":true,"href":"https:\/\/247stiri.ro\/index.php\/wp-json\/wp\/v2\/media\/27210"}],"wp:attachment":[{"href":"https:\/\/247stiri.ro\/index.php\/wp-json\/wp\/v2\/media?parent=27209"}],"wp:term":[{"taxonomy":"category","embeddable":true,"href":"https:\/\/247stiri.ro\/index.php\/wp-json\/wp\/v2\/categories?post=27209"},{"taxonomy":"post_tag","embeddable":true,"href":"https:\/\/247stiri.ro\/index.php\/wp-json\/wp\/v2\/tags?post=27209"}],"curies":[{"name":"wp","href":"https:\/\/api.w.org\/{rel}","templated":true}]}}