{"id":27211,"date":"2025-01-28T11:44:50","date_gmt":"2025-01-28T11:44:50","guid":{"rendered":"https:\/\/247stiri.ro\/index.php\/2025\/01\/28\/ordonata-saraciei-scoate-iar-oamenii-in-strada-protest-urias-la-mangalia-peste-200-de-oameni-risca-sa-ramana-fara-un-loc-de-munca\/"},"modified":"2025-01-28T11:44:50","modified_gmt":"2025-01-28T11:44:50","slug":"ordonata-saraciei-scoate-iar-oamenii-in-strada-protest-urias-la-mangalia-peste-200-de-oameni-risca-sa-ramana-fara-un-loc-de-munca","status":"publish","type":"post","link":"https:\/\/247stiri.ro\/index.php\/2025\/01\/28\/ordonata-saraciei-scoate-iar-oamenii-in-strada-protest-urias-la-mangalia-peste-200-de-oameni-risca-sa-ramana-fara-un-loc-de-munca\/","title":{"rendered":"Ordona\u021ba s\u0103r\u0103ciei scoate iar oamenii \u00een strad\u0103. Protest uria\u0219 la Mangalia: peste 200 de oameni risc\u0103 s\u0103 r\u0103m\u00e2n\u0103 f\u0103r\u0103 un loc de munc\u0103"},"content":{"rendered":"<p>Revolt\u0103 \u00een strad\u0103. Aproximativ 500 de persoane au ie\u0219it, mar\u021bi, \u00een strad\u0103 din cauza m\u0103surilor prev\u0103zute \u00een Ordonan\u021ba trenule\u021b&#8221;. Oamenii sunt revolta\u021bi pentru c\u0103 r\u0103m\u00e2n f\u0103r\u0103 locuri de munc\u0103.\u00a0<\/p>\n<p>Protestul este organizat de\u00a0Sindicatul Liberal Navalistul \u00een Mangalia, la Casa de Cultur\u0103 din centrul ora\u0219ului, \u00een urma deciziei de a concedia 263 de angaja\u021bi de la \u0219antierul Damen, controlat de olandezi.\u00a0Reprezentan\u021bii societ\u0103\u021bii Damen Shipyards Mangalia SA (&#8222;DSMa&#8221;) &#8211; societate \u00een insolven\u0163\u0103, fac preciz\u0103ri importante privind concedierile care vor urma.\u00a0<\/p>\n<p>\u201eSitua\u021bia \u00een \u0219antierul Damen din Mangalia \u00a0este una dramatic\u0103. Salaria\u021bii sunt dispera\u021bi, o parte au aflat direct sau indirect c\u0103 sunt pe lista de concedieri. Nu \u00een\u021beleg cum au fost selecta\u021bi, de ce au fost selecta\u021bi, unii dintre ei sunt cei mai buni, au calificative bune la evalu\u0103ruile care s-au f\u0103cut de-a lungul anilor. Ni s-a comunicta c\u0103 se inten\u021bioneaz\u0103 restructurarea pentru a reduce cosuturile cu for\u021ba de munc\u0103. Consider\u0103m c\u0103 reducerea num\u0103rului de salaria\u021bi nu reprezint\u0103 o solu\u021bie pentru redresarea acestui \u0219amtier, solu\u021bia trebuie s\u0103 vin\u0103 din partea ac\u021bionarilor, din partea reprezentan\u021bilor statului rom\u00e2n, av\u00e2nd \u00een vedere c\u0103 au reziliat contractul de asociere cu Damen, ar trebui s\u0103 preia administrarea acestui \u0219antier \u0219i pachetul integral de ac\u021biuni, ar trebui s\u0103 devin\u0103 admninistrator unic cel pu\u021bin pentru o perioad\u0103\u201d, a precizat Lauren\u021biu Gobeaj\u0103, liderul SLN Mangalia, potrivit Ziua de Constan\u021ba.<\/p>\n<p>Potrivit sursei citate, printre solu\u021biile oferite de sindicali\u0219ti se num\u0103r\u0103 \u0219i transformarea \u0219antierului \u00eentr-unul militar pentru construc\u021bie de nave.<\/p>\n<p>\u201eAr trebui s\u0103 fie centru de mentenan\u021b\u0103 pentru navele militare din flota rom\u00e2niei, \u00eens\u0103 de\u0219i ne-am adresat Administra\u021biei Preziden\u021biale din luna octombrie a anului trecut s\u0103 bordeze aceast\u0103 problem\u0103, am fost redirec\u021biona\u021bi c\u0103tre Ministerul Economiei.R\u0103spunsul de la Ministerul Economiei a fost c\u0103 statul rom\u00e2n nu de\u021bine controlul acestui \u0219anitier \u0219i c\u0103 are posibilit\u0103\u021bi limitate. Pe noi r\u0103spunsul ne-a frapat, dac\u0103 ministerul \u00ee\u0219i arat\u0103 neputin\u021ba, noi ce putem face? Suntem \u00een aceast\u0103 situa\u021bie critic\u0103 pentru c\u0103 deciden\u021bii nu iau nicio decizie\u201d,a ar\u0103tat liderul sindical.<\/p>\n<p>Printre fricile cele mai mari ale oamenilor, pe l\u00e2ng\u0103 disponibilizarea deja anun\u021bat\u0103, se afla \u0219i riscul intr\u0103rii \u00een faliment a companiei, lucru cauzat de terminarea fondului de garantare din care sunt achitate salariile momentan, \u00a0ceea ce \u00eenseamn\u0103 pierderea locurilor de munca pentru to\u021bi angaja\u021bii.<\/p>\n<p>\u201eDac\u0103 p\u00e2n\u0103 \u00een luna martie, guvernan\u021bii nu g\u0103sesc nicio solu\u021bie se va ajunge la faliment, va fi dramatic, se va ajunge la \u00eenchiderea acestui \u0219antier\u201d, a ad\u0103ugat liderul sindical.<\/p>","protected":false},"excerpt":{"rendered":"<p>Revolt\u0103 \u00een strad\u0103. Aproximativ 500 de persoane au ie\u0219it, mar\u021bi, \u00een strad\u0103 din cauza m\u0103surilor&hellip;<\/p>\n","protected":false},"author":0,"featured_media":27212,"comment_status":"open","ping_status":"open","sticky":false,"template":"","format":"standard","meta":{"footnotes":""},"categories":[2],"tags":[],"class_list":["post-27211","post","type-post","status-publish","format-standard","has-post-thumbnail","hentry","category-actual"],"_links":{"self":[{"href":"https:\/\/247stiri.ro\/index.php\/wp-json\/wp\/v2\/posts\/27211","targetHints":{"allow":["GET"]}}],"collection":[{"href":"https:\/\/247stiri.ro\/index.php\/wp-json\/wp\/v2\/posts"}],"about":[{"href":"https:\/\/247stiri.ro\/index.php\/wp-json\/wp\/v2\/types\/post"}],"replies":[{"embeddable":true,"href":"https:\/\/247stiri.ro\/index.php\/wp-json\/wp\/v2\/comments?post=27211"}],"version-history":[{"count":0,"href":"https:\/\/247stiri.ro\/index.php\/wp-json\/wp\/v2\/posts\/27211\/revisions"}],"wp:featuredmedia":[{"embeddable":true,"href":"https:\/\/247stiri.ro\/index.php\/wp-json\/wp\/v2\/media\/27212"}],"wp:attachment":[{"href":"https:\/\/247stiri.ro\/index.php\/wp-json\/wp\/v2\/media?parent=27211"}],"wp:term":[{"taxonomy":"category","embeddable":true,"href":"https:\/\/247stiri.ro\/index.php\/wp-json\/wp\/v2\/categories?post=27211"},{"taxonomy":"post_tag","embeddable":true,"href":"https:\/\/247stiri.ro\/index.php\/wp-json\/wp\/v2\/tags?post=27211"}],"curies":[{"name":"wp","href":"https:\/\/api.w.org\/{rel}","templated":true}]}}