{"id":27213,"date":"2025-01-28T11:44:51","date_gmt":"2025-01-28T11:44:51","guid":{"rendered":"https:\/\/247stiri.ro\/index.php\/2025\/01\/28\/guvernul-a-stabilit-calendarul-alegerilor-prezidentiale-din-luna-mai-pana-cand-se-vor-putea-depune-candidaturile-si-cand-incepe-campania-electorala\/"},"modified":"2025-01-28T11:44:51","modified_gmt":"2025-01-28T11:44:51","slug":"guvernul-a-stabilit-calendarul-alegerilor-prezidentiale-din-luna-mai-pana-cand-se-vor-putea-depune-candidaturile-si-cand-incepe-campania-electorala","status":"publish","type":"post","link":"https:\/\/247stiri.ro\/index.php\/2025\/01\/28\/guvernul-a-stabilit-calendarul-alegerilor-prezidentiale-din-luna-mai-pana-cand-se-vor-putea-depune-candidaturile-si-cand-incepe-campania-electorala\/","title":{"rendered":"Guvernul a stabilit calendarul alegerilor preziden\u0163iale din luna mai. P\u00e2n\u0103 c\u00e2nd se vor putea depune candidaturile \u0219i c\u00e2nd \u00eencepe campania electoral\u0103"},"content":{"rendered":"<p>Purt\u0103torul de cuv\u00e2nt al Guvernului a anun\u0163at, dup\u0103 \u015fedin\u0163a Executivului, c\u0103 au fost adoptate dou\u0103 hot\u0103r\u00e2ri de Guvern cu caracter electoral, care \u00eentregesc cadrul legislativ pentru desf\u0103\u015furarea alegerilor preziden\u0163iale din 4 mai precum \u015fi pentru alegeri locale par\u0163iale \u00een anumite unit\u0103\u0163i administrative.<\/p>\n<p>\u201dPerioada electoral\u0103 va \u00eencepe \u00een 18 februarie 2025, cu aducerea la cuno\u015ftin\u0163a public\u0103 a datei la care se va efectua tragerea la sor\u0163i a celor 5 judec\u0103tori ai \u00cenaltei Cur\u0163i de Castra\u0163ie \u015fi Justi\u0163ie, care vor face parte din Biroul Electoral Central. De asemenea, desemnarea celor 5 judec\u0103tori se va face p\u00e2n\u0103 pe 20 februarie 2025, astfel d\u00e2ndu-se posibilitatea constituirii Biroului Electoral Central, cu data limit\u0103 22 februarie 2025.\u00a0Apoi, termenul pentru depunerea candidaturilor la Biroului Electoral Central de c\u0103tre partidele, alian\u0163ele politice \u015fi electorale, organiza\u0163iile cet\u0103\u0163enilor apar\u0163in\u00e2nd minorit\u0103\u0163ilor na\u0163ionale \u015fi candida\u0163iilor independen\u0163i, este de 15 martie 2025, ora 24.00\u201d, a anun\u0163at Mihai Constantin.<\/p>\n<p>Reprezentantul Executivului a mai anun\u0163at \u00eenceperea campaniei electorale, cu 30 de zile \u00eenainte a datei alegerilor, respectiv la 4 aprilie 2025, \u015fi se va \u00eencheia \u00een data de 3 mai 2025, ora 7.<\/p>\n<p>\u201dVotul pe teritoriul Rom\u00e2niei va avea loc \u00een data de 4 mai 2025, va \u00eencepe la ora 7.00 \u015fi se va \u00eencheia la ora 21.00, cu precizarea c\u0103 aleg\u0103torii care la ora local\u0103 21.00 se afl\u0103 \u00een sediul sec\u0163iei de votare, ori se afl\u0103 la r\u00e2nd pentru a vota, \u00ee\u015fi vor putea exercita dreptul electoral p\u00e2n\u0103 cel t\u00e2rziu la ora 23.59\u201d, a ar\u0103tat Constantin.<\/p>\n<p>El a prezentat \u015fi modul \u00een care se va desf\u0103\u015fura votarea \u00een str\u0103in\u0103tate.<\/p>\n<p>\u201dVotul \u00een str\u0103in\u0103tate se va desf\u0103\u015fura pe durata a 3 zile astfel: prima zi a vot\u0103rii \u00een str\u0103in\u0103tate va fi 2 mai 2025, de la ora local\u0103 7.00 la ora local\u0103 21.00. Cei care la ora 21.00 se afl\u0103 \u00een sec\u0163ia de votare sau la r\u00e2nd \u015fi vor s\u0103 voteze, vor avea la decizia Biroului electoral al acelei sec\u0163ii de votare \u00eenc\u0103 cel mult 3 ore, p\u00e2n\u0103 la miezul nop\u0163ii, pentru a-\u015fi exercita acest drept. A doua zi e de asemenea de votare \u00een str\u0103in\u0103tate, 3 mai 2025, de la ora local\u0103 7.00 la ora 21.00.<\/p>\n<p>De asemenea, cei care nu au votat, dar sunt acolo pentru a vota, vor avea posibilitatea s\u0103 o fac\u0103 p\u00e2n\u0103 cel t\u00e2rziu la ora local\u0103 23.59. A treia zi a vot\u0103rii \u00een str\u0103in\u0103tate are o particularitate, a fost legiferat\u0103 \u00een s\u0103pt\u0103m\u00e2na trecut\u0103, \u00eencepe la ora local\u0103 7.00 \u015fi se \u00eenchide la ora local\u0103 21.00 cu o condi\u0163ie, ca ora local\u0103 21.00 din str\u0103in\u0103tate s\u0103 nu dep\u0103\u015feasc\u0103 ora Rom\u00e2niei 21.00. La ora 21.00, ora Rom\u00e2niei, se va \u00eenchide votarea \u00een toate sec\u0163iile de votare, inclusiv din str\u0103in\u0103tate\u201d, a precizat Mihai Constantin.\u00a0<\/p>\n<p>El a mai anun\u0163at c\u0103 votul pe teritoriul Rom\u00e2niei pentru un al doilea tur de scrutin va avea loc \u00een data de 18 mai, \u00eencep\u00e2nd cu ora 7.00 p\u00e2n\u0103 la ora 21, iar aleg\u0103torii care la ora local\u0103 21.00 se afl\u0103 \u00een sediul sec\u0163iei de votare ori stau la r\u00e2nd pentru a vota, \u00ee\u015fi vor putea exercita dreptul electoral p\u00e2n\u0103 cel t\u00e2rziu la ora 23.59.<\/p>\n<p>Votul \u00een str\u0103in\u0103tate pentru al doilea tur de scutin se va desf\u0103\u015fura pe durata a trei zile, \u00een acelea\u015fi condi\u0163ii valabile pentru primul tur, a completat Constantin.\u00a0<\/p>","protected":false},"excerpt":{"rendered":"<p>Purt\u0103torul de cuv\u00e2nt al Guvernului a anun\u0163at, dup\u0103 \u015fedin\u0163a Executivului, c\u0103 au fost adoptate dou\u0103&hellip;<\/p>\n","protected":false},"author":0,"featured_media":27202,"comment_status":"open","ping_status":"open","sticky":false,"template":"","format":"standard","meta":{"footnotes":""},"categories":[2],"tags":[],"class_list":["post-27213","post","type-post","status-publish","format-standard","has-post-thumbnail","hentry","category-actual"],"_links":{"self":[{"href":"https:\/\/247stiri.ro\/index.php\/wp-json\/wp\/v2\/posts\/27213","targetHints":{"allow":["GET"]}}],"collection":[{"href":"https:\/\/247stiri.ro\/index.php\/wp-json\/wp\/v2\/posts"}],"about":[{"href":"https:\/\/247stiri.ro\/index.php\/wp-json\/wp\/v2\/types\/post"}],"replies":[{"embeddable":true,"href":"https:\/\/247stiri.ro\/index.php\/wp-json\/wp\/v2\/comments?post=27213"}],"version-history":[{"count":0,"href":"https:\/\/247stiri.ro\/index.php\/wp-json\/wp\/v2\/posts\/27213\/revisions"}],"wp:featuredmedia":[{"embeddable":true,"href":"https:\/\/247stiri.ro\/index.php\/wp-json\/wp\/v2\/media\/27202"}],"wp:attachment":[{"href":"https:\/\/247stiri.ro\/index.php\/wp-json\/wp\/v2\/media?parent=27213"}],"wp:term":[{"taxonomy":"category","embeddable":true,"href":"https:\/\/247stiri.ro\/index.php\/wp-json\/wp\/v2\/categories?post=27213"},{"taxonomy":"post_tag","embeddable":true,"href":"https:\/\/247stiri.ro\/index.php\/wp-json\/wp\/v2\/tags?post=27213"}],"curies":[{"name":"wp","href":"https:\/\/api.w.org\/{rel}","templated":true}]}}