{"id":27226,"date":"2025-01-28T12:49:05","date_gmt":"2025-01-28T12:49:05","guid":{"rendered":"https:\/\/247stiri.ro\/index.php\/2025\/01\/28\/george-simion-nu-este-nicio-baza-pe-care-georgescu-sa-nu-poata-candida-banditii-au-capturat-statul-roman-si-nu-vor-sa-mai-lase-puterea\/"},"modified":"2025-01-28T12:49:05","modified_gmt":"2025-01-28T12:49:05","slug":"george-simion-nu-este-nicio-baza-pe-care-georgescu-sa-nu-poata-candida-banditii-au-capturat-statul-roman-si-nu-vor-sa-mai-lase-puterea","status":"publish","type":"post","link":"https:\/\/247stiri.ro\/index.php\/2025\/01\/28\/george-simion-nu-este-nicio-baza-pe-care-georgescu-sa-nu-poata-candida-banditii-au-capturat-statul-roman-si-nu-vor-sa-mai-lase-puterea\/","title":{"rendered":"George Simion: Nu este nicio baz\u0103 pe care Georgescu s\u0103 nu poat\u0103 candida. Bandi\u021bii au capturat statul rom\u00e2n \u0219i nu vor s\u0103 mai lase puterea"},"content":{"rendered":"<p>&#8222;Trebuie s\u0103 vedem ce putem face, \u00eencep\u00e2nd de luni, c\u00e2nd revenim pe b\u0103ncile Parlamentului pentru a sparge aceast\u0103 t\u0103cere morm\u00e2ntal\u0103. Sigur c\u0103 ei vor s\u0103 fie interpretat altfel raportul Comisiei de la Viena. Sigur c\u0103 eu am spus clar \u0219i am explicat rom\u00e2nilor: Comisia de la Vene\u021bia a spus c\u0103 avem de-a face cu o lovitur\u0103 de stat.\u00a0<\/p>\n<p>Am cerut \u0219i o sesiune extraordinar\u0103 pentru a analiza ce s-a \u00eent\u00e2mplat la alegeri. Sper, pentru c\u0103 avem semn\u0103turile str\u00e2nse, peste 155, joi \u0219i vineri s\u0103 \u00eentrunim Parlamentul \u0219i s\u0103 discut\u0103m doar despre aceste lucruri pentru c\u0103, altfel, \u00eel vom auzi \u00een continuare pe Fenechiu sau pe al\u021bi oameni p\u0103rta\u0219i la lovitura de stat c\u0103 vor pretinde c\u0103 nu s-a \u00eent\u00e2mplat nimic \u0219i vor vrea s\u0103 reorganizeze alegeri \u0219i r\u00e2nduri de alegeri p\u00e2n\u0103 o s\u0103 ias\u0103 cum vor ei probabil.\u00a0<\/p>\n<p>Nu este posibil\u0103 nici ideea vehiculat\u0103 c\u0103 Georgescu nu poate candida. Pe ce baze? Este ilegal, neconstitu\u021bional, nu putem s\u0103-i l\u0103s\u0103m s\u0103-\u0219i fac\u0103 de cap.<\/p>\n<p>Avem de-a face cu ni\u0219te bandi\u021bi, ho\u021bi, care au capturat statul rom\u00e2n, care au pus m\u00e2na pe putere \u0219i nu vor s\u0103 o mai lase. Tranzi\u021bia democratic\u0103 a puterii nu mai are loc \u00een Rom\u00e2nia, controleaz\u0103 majoritatea televiziunilor, partidelor. Statul rom\u00e2n este capturat \u0219i ne trebuie parteneri, fie \u0219i de conjunctur\u0103. Trebuie s\u0103 trecem peste aceast\u0103 criz\u0103 constitu\u021bional\u0103&#8221;, a spus George Simion.\u00a0<\/p>","protected":false},"excerpt":{"rendered":"<p>&#8222;Trebuie s\u0103 vedem ce putem face, \u00eencep\u00e2nd de luni, c\u00e2nd revenim pe b\u0103ncile Parlamentului pentru&hellip;<\/p>\n","protected":false},"author":0,"featured_media":27227,"comment_status":"open","ping_status":"open","sticky":false,"template":"","format":"standard","meta":{"footnotes":""},"categories":[3],"tags":[],"class_list":["post-27226","post","type-post","status-publish","format-standard","has-post-thumbnail","hentry","category-politica"],"_links":{"self":[{"href":"https:\/\/247stiri.ro\/index.php\/wp-json\/wp\/v2\/posts\/27226","targetHints":{"allow":["GET"]}}],"collection":[{"href":"https:\/\/247stiri.ro\/index.php\/wp-json\/wp\/v2\/posts"}],"about":[{"href":"https:\/\/247stiri.ro\/index.php\/wp-json\/wp\/v2\/types\/post"}],"replies":[{"embeddable":true,"href":"https:\/\/247stiri.ro\/index.php\/wp-json\/wp\/v2\/comments?post=27226"}],"version-history":[{"count":0,"href":"https:\/\/247stiri.ro\/index.php\/wp-json\/wp\/v2\/posts\/27226\/revisions"}],"wp:featuredmedia":[{"embeddable":true,"href":"https:\/\/247stiri.ro\/index.php\/wp-json\/wp\/v2\/media\/27227"}],"wp:attachment":[{"href":"https:\/\/247stiri.ro\/index.php\/wp-json\/wp\/v2\/media?parent=27226"}],"wp:term":[{"taxonomy":"category","embeddable":true,"href":"https:\/\/247stiri.ro\/index.php\/wp-json\/wp\/v2\/categories?post=27226"},{"taxonomy":"post_tag","embeddable":true,"href":"https:\/\/247stiri.ro\/index.php\/wp-json\/wp\/v2\/tags?post=27226"}],"curies":[{"name":"wp","href":"https:\/\/api.w.org\/{rel}","templated":true}]}}