{"id":27232,"date":"2025-01-28T12:49:07","date_gmt":"2025-01-28T12:49:07","guid":{"rendered":"https:\/\/247stiri.ro\/index.php\/2025\/01\/28\/alerta-de-copil-disparut-la-iasi-un-baiat-de-13-ani-a-plecat-la-scoala-si-nu-s-a-mai-intors-unde-a-fost-vazut-ultima-data-video\/"},"modified":"2025-01-28T12:49:07","modified_gmt":"2025-01-28T12:49:07","slug":"alerta-de-copil-disparut-la-iasi-un-baiat-de-13-ani-a-plecat-la-scoala-si-nu-s-a-mai-intors-unde-a-fost-vazut-ultima-data-video","status":"publish","type":"post","link":"https:\/\/247stiri.ro\/index.php\/2025\/01\/28\/alerta-de-copil-disparut-la-iasi-un-baiat-de-13-ani-a-plecat-la-scoala-si-nu-s-a-mai-intors-unde-a-fost-vazut-ultima-data-video\/","title":{"rendered":"Alert\u0103 de copil disp\u0103rut la Ia\u0219i! Un b\u0103iat de 13 ani a plecat la \u0219coal\u0103 \u0219i nu s-a mai \u00eentors: unde a fost v\u0103zut ultima dat\u0103 VIDEO"},"content":{"rendered":"<p>&#8222;AJUTA\u021aI-NE S\u0102 G\u0102SIM UN COPIL DISP\u0102RUTCompania de Transport Public Ia\u0219i sprijin\u0103 Poli\u021bia \u0219i comunitatea \u00een c\u0103utarea lui C\u0103linescu Sorin Alexandru, un b\u0103iat de 13 ani, disp\u0103rut pe data de 27 ianuarie 2025.Sorin a fost surprins pe camerele de supraveghere urc\u00e2nd \u00eentr-un autobuz de pe traseul 28, \u00een sta\u021bia Moldova (sens spre Podu Ro\u0219), la ora 09:02 \u0219i cobor\u00e2nd \u00een sta\u021bia Mircea cel Batr\u00e2n la ora 9.18.Semnalmente:\u00cen\u0103l\u021bime: 1,40 mGreutate: aproximativ 55 kgOchi alba\u0219tri, p\u0103r \u0219aten, constitu\u021bie corpolent\u0103\u00cembr\u0103c\u0103minte: geac\u0103 albastru \u00eenchis (lung\u0103 p\u00e2n\u0103 la genunchi), tricou verde deschis, pantaloni de trening negri, adida\u0219i negri cu roz, ghiozdan negru cu ro\u0219u\u00a0Dac\u0103 ave\u021bi informa\u021bii despre aceast\u0103 persoan\u0103, v\u0103 rug\u0103m s\u0103 suna\u021bi de urgen\u021b\u0103 la 112 sau s\u0103 anun\u021ba\u021bi cea mai apropiat\u0103 unitate de poli\u021bie. Distribui\u021bi acest mesaj pentru a ajuta la g\u0103sirea lui Sorin c\u00e2t mai repede. V\u0103 mul\u021bumim pentru sprijin!&#8221;, se arat\u0103 \u00een mesajul postat mar\u021bi pe Facebook de Compania de Compania de Transport Public Ia\u0219i.\u00a0\u00a0Postarea este \u00eenso\u021bit\u0103 \u0219i de imagini cu minorul care se urc\u0103 \u00een autobuz, dar \u0219i din momentul \u00een care acesta coboar\u0103 la sta\u021bia Mircea cel B\u0103tr\u00e2n, la ora 9.18.\u00a0\u00a0\u00a0Dispari\u021bia sa a survenit pe 27 ianuarie, luni.\u00a0<\/p>\n<p>Pentru g\u0103sirea minorului, autorit\u0103\u0163ile au emis un mesaj RO-Alert:<\/p>\n<p>&#8222;RO-Alert: Alert\u0103 dispari\u021bie copil <\/p>\n<p>La data de 27.01.2025 Calinescu Sorin Alexandru \u00een v\u00e2rst\u0103 de 13 ani a plecat de la domiciliul din mun. Ia\u0219i cartier Dacia c\u0103tre Bld. C.A. Rosetti \u0219i nu a mai revenit. Semnalmente: \u00cen\u0103l\u021bime 140 cm, constitu\u021bie corpolent\u0103, p\u0103r \u0219aten, ten deschis, ochi alba\u0219tri. Purta geac\u0103 de culoare \u00eenchis\u0103, pantaloni negri, era \u00eenc\u0103l\u021bat cu pantofi sport negri cu roz \u0219i purta un rucsac ro\u0219u. Orice informa\u021bie va fi transmis\u0103 la num\u0103rul de telefon 112. Pentru detalii accesa\u021bi link-ul: https:\/\/politiaromana.ro\/ro\/copii-disparuti\/calinescu-sorin-alexandru-20110401 I.P.J. Ia\u0219i&#8221;.<\/p>","protected":false},"excerpt":{"rendered":"<p>&#8222;AJUTA\u021aI-NE S\u0102 G\u0102SIM UN COPIL DISP\u0102RUTCompania de Transport Public Ia\u0219i sprijin\u0103 Poli\u021bia \u0219i comunitatea \u00een&hellip;<\/p>\n","protected":false},"author":0,"featured_media":27233,"comment_status":"open","ping_status":"open","sticky":false,"template":"","format":"standard","meta":{"footnotes":""},"categories":[2],"tags":[],"class_list":["post-27232","post","type-post","status-publish","format-standard","has-post-thumbnail","hentry","category-actual"],"_links":{"self":[{"href":"https:\/\/247stiri.ro\/index.php\/wp-json\/wp\/v2\/posts\/27232","targetHints":{"allow":["GET"]}}],"collection":[{"href":"https:\/\/247stiri.ro\/index.php\/wp-json\/wp\/v2\/posts"}],"about":[{"href":"https:\/\/247stiri.ro\/index.php\/wp-json\/wp\/v2\/types\/post"}],"replies":[{"embeddable":true,"href":"https:\/\/247stiri.ro\/index.php\/wp-json\/wp\/v2\/comments?post=27232"}],"version-history":[{"count":0,"href":"https:\/\/247stiri.ro\/index.php\/wp-json\/wp\/v2\/posts\/27232\/revisions"}],"wp:featuredmedia":[{"embeddable":true,"href":"https:\/\/247stiri.ro\/index.php\/wp-json\/wp\/v2\/media\/27233"}],"wp:attachment":[{"href":"https:\/\/247stiri.ro\/index.php\/wp-json\/wp\/v2\/media?parent=27232"}],"wp:term":[{"taxonomy":"category","embeddable":true,"href":"https:\/\/247stiri.ro\/index.php\/wp-json\/wp\/v2\/categories?post=27232"},{"taxonomy":"post_tag","embeddable":true,"href":"https:\/\/247stiri.ro\/index.php\/wp-json\/wp\/v2\/tags?post=27232"}],"curies":[{"name":"wp","href":"https:\/\/api.w.org\/{rel}","templated":true}]}}