{"id":27248,"date":"2025-01-28T13:44:49","date_gmt":"2025-01-28T13:44:49","guid":{"rendered":"https:\/\/247stiri.ro\/index.php\/2025\/01\/28\/consiliul-local-cluj-a-alocat-5-milioane-de-lei-pentru-ajutorul-familiilor-cu-copii-cu-handicap\/"},"modified":"2025-01-28T13:44:49","modified_gmt":"2025-01-28T13:44:49","slug":"consiliul-local-cluj-a-alocat-5-milioane-de-lei-pentru-ajutorul-familiilor-cu-copii-cu-handicap","status":"publish","type":"post","link":"https:\/\/247stiri.ro\/index.php\/2025\/01\/28\/consiliul-local-cluj-a-alocat-5-milioane-de-lei-pentru-ajutorul-familiilor-cu-copii-cu-handicap\/","title":{"rendered":"Consiliul Local Cluj a alocat 5 milioane de lei pentru ajutorul familiilor cu copii cu handicap"},"content":{"rendered":"<p>\u201dSprijin financiar lunar de la Prim\u0103rie pentru copiii cu dizabilit\u0103\u0163i din Cluj-Napoca, \u00een valoare de 600 lei\/lun\u0103. Prim\u0103ria municipiului continu\u0103 \u015fi \u00een anul 2025 acordarea de sprijin financiar pentru copiii cu dizabilit\u0103\u0163i \u015fi familiile acestora, \u00een valoare de 600 lei\/lun\u0103. \u00cen urma aprob\u0103rii proiectului de HCL \u00een \u015fedin\u0163a Consiliului local din data de 17 ianuarie 2025 a fost alocat\u0103 suma de 5 milioane de lei de la bugetul local pentru acest program\u201d, a transmis, mar\u0163i, Prim\u0103ria Cluj-Napoca.<\/p>\n<p>Potrivit reprezentan\u0163ilor acestei institu\u0163ii, proiectul este menit s\u0103 ajute o parte a comunit\u0103\u0163ii care are nevoie de sprijin, av\u00e2nd \u00een vedere nevoile specifice ale copiilor cu dizabilit\u0103\u0163i \u015fi costurile crescute pentru tratamente \u015fi terapii.<\/p>\n<p>\u00cen anul 2024, 900 de copii cu dizabilit\u0103\u0163i din municipiu au beneficiat de acest program al municipalit\u0103\u0163ii.<\/p>\n<p>\u201dPentru a beneficia de acest sprijin, persoanele care aplic\u0103 trebuie s\u0103 aib\u0103 domiciliul \u00een Cluj-Napoca. Cererea tip se poate completa \u015fi trimite, al\u0103turi de documentele necesare, online la adresa de email registratura@primariaclujnapoca.ro sau dizabilitati@dasmclujnapoca.ro sau fizic la registratura D.A.S.M. &#8211; Direc\u0163ia de Asisten\u0163\u0103 Social\u0103 \u015fi Medical\u0103 a Prim\u0103riei Cluj-Napoca, registratura Prim\u0103riei de pe Calea Mo\u0163ilor sau prin prim\u0103riile de cartier\u201d, a mai transmis municipalitatea.<\/p>\n<p>Pentru persoanele aflate deja \u00een eviden\u0163ele D.A.S.M. Cluj-Napoca este suficient\u0103 depunerea unei cereri.<\/p>","protected":false},"excerpt":{"rendered":"<p>\u201dSprijin financiar lunar de la Prim\u0103rie pentru copiii cu dizabilit\u0103\u0163i din Cluj-Napoca, \u00een valoare de&hellip;<\/p>\n","protected":false},"author":0,"featured_media":27249,"comment_status":"open","ping_status":"open","sticky":false,"template":"","format":"standard","meta":{"footnotes":""},"categories":[2],"tags":[],"class_list":["post-27248","post","type-post","status-publish","format-standard","has-post-thumbnail","hentry","category-actual"],"_links":{"self":[{"href":"https:\/\/247stiri.ro\/index.php\/wp-json\/wp\/v2\/posts\/27248","targetHints":{"allow":["GET"]}}],"collection":[{"href":"https:\/\/247stiri.ro\/index.php\/wp-json\/wp\/v2\/posts"}],"about":[{"href":"https:\/\/247stiri.ro\/index.php\/wp-json\/wp\/v2\/types\/post"}],"replies":[{"embeddable":true,"href":"https:\/\/247stiri.ro\/index.php\/wp-json\/wp\/v2\/comments?post=27248"}],"version-history":[{"count":0,"href":"https:\/\/247stiri.ro\/index.php\/wp-json\/wp\/v2\/posts\/27248\/revisions"}],"wp:featuredmedia":[{"embeddable":true,"href":"https:\/\/247stiri.ro\/index.php\/wp-json\/wp\/v2\/media\/27249"}],"wp:attachment":[{"href":"https:\/\/247stiri.ro\/index.php\/wp-json\/wp\/v2\/media?parent=27248"}],"wp:term":[{"taxonomy":"category","embeddable":true,"href":"https:\/\/247stiri.ro\/index.php\/wp-json\/wp\/v2\/categories?post=27248"},{"taxonomy":"post_tag","embeddable":true,"href":"https:\/\/247stiri.ro\/index.php\/wp-json\/wp\/v2\/tags?post=27248"}],"curies":[{"name":"wp","href":"https:\/\/api.w.org\/{rel}","templated":true}]}}