{"id":27250,"date":"2025-01-28T13:44:50","date_gmt":"2025-01-28T13:44:50","guid":{"rendered":"https:\/\/247stiri.ro\/index.php\/2025\/01\/28\/val-de-infectii-respiratorii-in-judetul-sibiu-copiii-si-sugarii-sunt-cei-mai-afectati-cele-mai-noi-cifre-prezentate-de-dsp\/"},"modified":"2025-01-28T13:44:50","modified_gmt":"2025-01-28T13:44:50","slug":"val-de-infectii-respiratorii-in-judetul-sibiu-copiii-si-sugarii-sunt-cei-mai-afectati-cele-mai-noi-cifre-prezentate-de-dsp","status":"publish","type":"post","link":"https:\/\/247stiri.ro\/index.php\/2025\/01\/28\/val-de-infectii-respiratorii-in-judetul-sibiu-copiii-si-sugarii-sunt-cei-mai-afectati-cele-mai-noi-cifre-prezentate-de-dsp\/","title":{"rendered":"Val de infec\u021bii respiratorii \u00een jude\u021bul Sibiu! Copiii \u0219i sugarii sunt cei mai afecta\u021bi: cele mai noi cifre prezentate de DSP"},"content":{"rendered":"<p>\u201d\u00cen s\u0103pt\u0103m\u00e2na 4 se men\u0163ine trendul ascendent al \u00eemboln\u0103virilor respiratorii. Avem cu 424 mai multe IACRS (3.038, fa\u0163\u0103 de 2614) \u015fi o predominant\u0103 a cazurilor la grupele de v\u00e2rst\u0103 5-14 \u015fi 15-49 de ani, care \u00eempreun\u0103 adun\u0103 67% din total\u201d, a transmis, mar\u0163i, DSP Sibiu.<\/p>\n<p>Potrivit sursei citate, procentul intern\u0103rilor se men\u0163ine la un nivel redus (2,43%), dar, \u00een afara unui singur caz de v\u00e2rstnic (peste 65 ani), toate intern\u0103rile au fost la copii, 0 \u2013 14 ani, cei mai afecta\u0163i fiind sugarii (0-1 an), care de\u0163in 50% din totalul intern\u0103rilor.<\/p>\n<p>\u201dPneumoniile au \u00eenregistrat o sc\u0103dere de 119 cazuri (de la 634, la 515), cu un procent de 26,21% intern\u0103ri. Cele mai multe cazuri au fost la grupul 15-49 de ani (166). Grupul v\u00e2rstnicilor (peste 65 ani) de\u0163ine pozi\u0163ia urm\u0103toare, cu 100 de cazuri \u015fi procentul cel mai mare de intern\u0103ri (32%)\u201d, mai informeaz\u0103 reprezentan\u021bii DSP.<\/p>\n<p>Ace\u0219tia atrag, totodat\u0103, aten\u021bia supra faptului c\u0103 gripa men\u0163ine tendin\u0163a de cre\u015ftere: \u201dAm raportat 455 de cazuri, fa\u0163\u0103 de 331 anterior, dar \u00een schimb, a sc\u0103zut cu 11 procente num\u0103rul intern\u0103rilor (de la 26,58 la 15,16%). Repartizarea cazurilor pe grupe de v\u00e2rst\u0103 a fost de 63% la grupele 5 \u2013 49 ani. A fost \u00eenregistrat cel de-al patrulea deces datorat gripei, din acest sezon \u2013 b\u0103rbat \u00a0\u00een v\u00e2rst\u0103 de 83 de ani, confirmat prin RT PCR cu virus gripal A, nevaccinat cu vaccin antigripal, cu comorbidit\u0103\u0163i, internat ATI\u201d.<\/p>\n<p>Dac\u0103 ar fi s\u0103 vorbim \u00een cifre, \u00een total, de la \u00eenceputul sezonului de supraveghere 2024 \u2013 2025, au fost raportate \u00een jude\u0163ul Sibiu: 1.453 cazuri de grip\u0103 (din care 98 confirmate prin RT PCR), 26.772 cazuri IACRS, 5.722 cazuri de pneumonii \u0219i 4 decese.\u00a0<\/p>","protected":false},"excerpt":{"rendered":"<p>\u201d\u00cen s\u0103pt\u0103m\u00e2na 4 se men\u0163ine trendul ascendent al \u00eemboln\u0103virilor respiratorii. Avem cu 424 mai multe&hellip;<\/p>\n","protected":false},"author":0,"featured_media":27251,"comment_status":"open","ping_status":"open","sticky":false,"template":"","format":"standard","meta":{"footnotes":""},"categories":[2],"tags":[],"class_list":["post-27250","post","type-post","status-publish","format-standard","has-post-thumbnail","hentry","category-actual"],"_links":{"self":[{"href":"https:\/\/247stiri.ro\/index.php\/wp-json\/wp\/v2\/posts\/27250","targetHints":{"allow":["GET"]}}],"collection":[{"href":"https:\/\/247stiri.ro\/index.php\/wp-json\/wp\/v2\/posts"}],"about":[{"href":"https:\/\/247stiri.ro\/index.php\/wp-json\/wp\/v2\/types\/post"}],"replies":[{"embeddable":true,"href":"https:\/\/247stiri.ro\/index.php\/wp-json\/wp\/v2\/comments?post=27250"}],"version-history":[{"count":0,"href":"https:\/\/247stiri.ro\/index.php\/wp-json\/wp\/v2\/posts\/27250\/revisions"}],"wp:featuredmedia":[{"embeddable":true,"href":"https:\/\/247stiri.ro\/index.php\/wp-json\/wp\/v2\/media\/27251"}],"wp:attachment":[{"href":"https:\/\/247stiri.ro\/index.php\/wp-json\/wp\/v2\/media?parent=27250"}],"wp:term":[{"taxonomy":"category","embeddable":true,"href":"https:\/\/247stiri.ro\/index.php\/wp-json\/wp\/v2\/categories?post=27250"},{"taxonomy":"post_tag","embeddable":true,"href":"https:\/\/247stiri.ro\/index.php\/wp-json\/wp\/v2\/tags?post=27250"}],"curies":[{"name":"wp","href":"https:\/\/api.w.org\/{rel}","templated":true}]}}