{"id":27252,"date":"2025-01-28T13:44:50","date_gmt":"2025-01-28T13:44:50","guid":{"rendered":"https:\/\/247stiri.ro\/index.php\/2025\/01\/28\/emil-hurezeanu-intalnire-cu-vicepresedintele-executiv-al-comisiei-europene-roxana-minzatu\/"},"modified":"2025-01-28T13:44:50","modified_gmt":"2025-01-28T13:44:50","slug":"emil-hurezeanu-intalnire-cu-vicepresedintele-executiv-al-comisiei-europene-roxana-minzatu","status":"publish","type":"post","link":"https:\/\/247stiri.ro\/index.php\/2025\/01\/28\/emil-hurezeanu-intalnire-cu-vicepresedintele-executiv-al-comisiei-europene-roxana-minzatu\/","title":{"rendered":"Emil Hurezeanu, \u00eent\u00e2lnire cu vicepre\u015fedintele executiv al Comisiei Europene, Roxana M\u00eenzatu"},"content":{"rendered":"<p>Discu\u0163ie cordial\u0103 \u015fi productiv\u0103 \u00eentre ministrul Emil Hurezeanu \u015fi vicepre\u015fedintele executiv al Comisiei Europene Roxana M\u00eenzatu, ast\u0103zi, la Bruxelles, a anun\u0163at Ministerul de Externe \u00eentr-o postare pe platforma X.<\/p>\n<p>\u201dAngajament comun prin ac\u0163iune coordonat\u0103 la nivelul Uniunii Europene, \u00een domenii strategice: competitivitate \u015fi convergen\u0163\u0103 social\u0103, locuri de munc\u0103 de calitate, educa\u0163ie, energie, rezilien\u0163\u0103 democratic\u0103, securitate \u015fi ap\u0103rare, extindere \u015fi continuarea sprijinului pentru Ucraina \u015fi Republica Moldova\u201d, mai spune MAE \u00een mesaj.<\/p>\n<p>\u201dRom\u00e2nia va sus\u0163ine ac\u0163iunile Comisiei Europene \u00een aceste domenii, \u00een actualul ciclu legislativ\u201d, completeaz\u0103 institu\u0163ia.<\/p>\n<p>\u201dM-am \u00eent\u00e2lnit cu Ministrul Afacerilor Externe al Rom\u00e2niei, Emil Hurezeanu, pentru a discuta despre importan\u0163a unei Europe puternice, construit\u0103 pe state membre UE puternice\u201d, a scris \u015fi Roxana M\u00eenzatu \u00een postare.<\/p>\n<p>\u201dOamenii, educa\u0163ia \u015fi competen\u0163ele lor sunt vitale pentru competitivitatea \u015fi preg\u0103tirea noastr\u0103 pentru viitor\u201d, precizeaz\u0103 aceasta.<\/p>","protected":false},"excerpt":{"rendered":"<p>Discu\u0163ie cordial\u0103 \u015fi productiv\u0103 \u00eentre ministrul Emil Hurezeanu \u015fi vicepre\u015fedintele executiv al Comisiei Europene Roxana&hellip;<\/p>\n","protected":false},"author":0,"featured_media":27253,"comment_status":"open","ping_status":"open","sticky":false,"template":"","format":"standard","meta":{"footnotes":""},"categories":[2],"tags":[],"class_list":["post-27252","post","type-post","status-publish","format-standard","has-post-thumbnail","hentry","category-actual"],"_links":{"self":[{"href":"https:\/\/247stiri.ro\/index.php\/wp-json\/wp\/v2\/posts\/27252","targetHints":{"allow":["GET"]}}],"collection":[{"href":"https:\/\/247stiri.ro\/index.php\/wp-json\/wp\/v2\/posts"}],"about":[{"href":"https:\/\/247stiri.ro\/index.php\/wp-json\/wp\/v2\/types\/post"}],"replies":[{"embeddable":true,"href":"https:\/\/247stiri.ro\/index.php\/wp-json\/wp\/v2\/comments?post=27252"}],"version-history":[{"count":0,"href":"https:\/\/247stiri.ro\/index.php\/wp-json\/wp\/v2\/posts\/27252\/revisions"}],"wp:featuredmedia":[{"embeddable":true,"href":"https:\/\/247stiri.ro\/index.php\/wp-json\/wp\/v2\/media\/27253"}],"wp:attachment":[{"href":"https:\/\/247stiri.ro\/index.php\/wp-json\/wp\/v2\/media?parent=27252"}],"wp:term":[{"taxonomy":"category","embeddable":true,"href":"https:\/\/247stiri.ro\/index.php\/wp-json\/wp\/v2\/categories?post=27252"},{"taxonomy":"post_tag","embeddable":true,"href":"https:\/\/247stiri.ro\/index.php\/wp-json\/wp\/v2\/tags?post=27252"}],"curies":[{"name":"wp","href":"https:\/\/api.w.org\/{rel}","templated":true}]}}