{"id":27276,"date":"2025-01-28T15:45:30","date_gmt":"2025-01-28T15:45:30","guid":{"rendered":"https:\/\/247stiri.ro\/index.php\/2025\/01\/28\/justitia-din-grecia-a-decis-extradarea-in-romania-a-milionarului-beny-steinmetz-de-pe-patul-de-spital-omul-de-afaceri-a-contestat-masura\/"},"modified":"2025-01-28T15:45:30","modified_gmt":"2025-01-28T15:45:30","slug":"justitia-din-grecia-a-decis-extradarea-in-romania-a-milionarului-beny-steinmetz-de-pe-patul-de-spital-omul-de-afaceri-a-contestat-masura","status":"publish","type":"post","link":"https:\/\/247stiri.ro\/index.php\/2025\/01\/28\/justitia-din-grecia-a-decis-extradarea-in-romania-a-milionarului-beny-steinmetz-de-pe-patul-de-spital-omul-de-afaceri-a-contestat-masura\/","title":{"rendered":"Justi\u021bia din Grecia a decis extr\u0103darea \u00een Rom\u00e2nia a milionarului Beny Steinmetz. De pe patul de spital, omul de afaceri a contestat m\u0103sura"},"content":{"rendered":"<p>Din octombrie, Beny Steinmetz a fost nevoit s\u0103 r\u0103m\u00e2n\u0103 \u00een Grecia, cu interdic\u021bia de a p\u0103r\u0103si \u021bara p\u00e2n\u0103 la judecarea cererii de extr\u0103dare \u00een Rom\u00e2nia, potrivit Rador.<\/p>\n<p>Avocatul lui Steinmetz a anun\u021bat c\u0103 omul de afaceri a intentat recurs la Curtea Suprem\u0103 \u00eempotriva deciziei de mar\u021bi a Cur\u021bii de Apel din Atena. \u00centre timp, Beny Steinmetz, care \u00een acest moment se afl\u0103 \u00een spital, urmeaz\u0103 s\u0103 fie arestat \u0219i va fi \u021binut \u00een stare de arest sub paz\u0103 \u00een spital, iar atunci c\u00e2nd s\u0103n\u0103tatea \u00eei va permite \u00eentr-un spa\u021biu de deten\u021bie p\u00e2n\u0103 la decizia Cur\u021bii Supreme din Grecia.<\/p>\n<p>Omul de afaceri israelian este urm\u0103rit, printre altele, de autorit\u0103\u021bile din Rom\u00e2nia pentru participare la un grup infrac\u021bional organizat.<\/p>\n<p>\u00a0\u201eEste o evolu\u021bie care ridic\u0103 uria\u0219e semne de \u00eentrebare \u00eentruc\u00e2t decizia Consiliului Cur\u021bii de Apel din Atena contrazice decizia aceleia\u0219i instan\u021be, din 2022, care vizeaz\u0103 exact acela\u0219i caz \u0219i aceea\u0219i cerere a autorit\u0103\u021bilor rom\u00e2ne. Trebuie remarcat c\u0103 decizia de ast\u0103zi vine \u00een contradic\u021bie \u0219i cu propunerea procurorului. \u00cen ciuda dezam\u0103girii profunde pe care ne-o provoac\u0103, decizia de ast\u0103zi nu zdruncin\u0103 \u00eencrederea clientului meu \u00een justi\u021bia greac\u0103 \u0219i de aceea am intentat deja recurs la Curtea Suprem\u0103. Suntem \u00eencrez\u0103tori c\u0103 statul de drept va prevala asupra metodelor \u0219i abuzurilor autorit\u0103\u021bilor rom\u00e2ne\u201d, a mai spus avocatul lui Beny Steinmetz.<\/p>\n<p>\u00a0<\/p>\n<p>\u00a0<\/p>","protected":false},"excerpt":{"rendered":"<p>Din octombrie, Beny Steinmetz a fost nevoit s\u0103 r\u0103m\u00e2n\u0103 \u00een Grecia, cu interdic\u021bia de a&hellip;<\/p>\n","protected":false},"author":0,"featured_media":27277,"comment_status":"open","ping_status":"open","sticky":false,"template":"","format":"standard","meta":{"footnotes":""},"categories":[2],"tags":[],"class_list":["post-27276","post","type-post","status-publish","format-standard","has-post-thumbnail","hentry","category-actual"],"_links":{"self":[{"href":"https:\/\/247stiri.ro\/index.php\/wp-json\/wp\/v2\/posts\/27276","targetHints":{"allow":["GET"]}}],"collection":[{"href":"https:\/\/247stiri.ro\/index.php\/wp-json\/wp\/v2\/posts"}],"about":[{"href":"https:\/\/247stiri.ro\/index.php\/wp-json\/wp\/v2\/types\/post"}],"replies":[{"embeddable":true,"href":"https:\/\/247stiri.ro\/index.php\/wp-json\/wp\/v2\/comments?post=27276"}],"version-history":[{"count":0,"href":"https:\/\/247stiri.ro\/index.php\/wp-json\/wp\/v2\/posts\/27276\/revisions"}],"wp:featuredmedia":[{"embeddable":true,"href":"https:\/\/247stiri.ro\/index.php\/wp-json\/wp\/v2\/media\/27277"}],"wp:attachment":[{"href":"https:\/\/247stiri.ro\/index.php\/wp-json\/wp\/v2\/media?parent=27276"}],"wp:term":[{"taxonomy":"category","embeddable":true,"href":"https:\/\/247stiri.ro\/index.php\/wp-json\/wp\/v2\/categories?post=27276"},{"taxonomy":"post_tag","embeddable":true,"href":"https:\/\/247stiri.ro\/index.php\/wp-json\/wp\/v2\/tags?post=27276"}],"curies":[{"name":"wp","href":"https:\/\/api.w.org\/{rel}","templated":true}]}}