{"id":27278,"date":"2025-01-28T15:45:30","date_gmt":"2025-01-28T15:45:30","guid":{"rendered":"https:\/\/247stiri.ro\/index.php\/2025\/01\/28\/managerul-muzeului-national-de-istorie-a-tinut-cu-dintii-de-functie-si-a-refuzat-demisia-de-onoare-cum-si-a-justificat-decizia\/"},"modified":"2025-01-28T15:45:30","modified_gmt":"2025-01-28T15:45:30","slug":"managerul-muzeului-national-de-istorie-a-tinut-cu-dintii-de-functie-si-a-refuzat-demisia-de-onoare-cum-si-a-justificat-decizia","status":"publish","type":"post","link":"https:\/\/247stiri.ro\/index.php\/2025\/01\/28\/managerul-muzeului-national-de-istorie-a-tinut-cu-dintii-de-functie-si-a-refuzat-demisia-de-onoare-cum-si-a-justificat-decizia\/","title":{"rendered":"Managerul Muzeului Na\u021bional de Istorie a \u021binut cu din\u021bii de func\u021bie \u0219i a refuzat demisia de onoare. Cum \u0219i-a justificat decizia"},"content":{"rendered":"<p>\u00cen cadrul comunicatului,\u00a0 fostul manager a subliniat c\u0103 nu a fost invocat\u0103 nicio \u00eenc\u0103lcare a legii sau a normelor de conduit\u0103, suger\u00e2nd c\u0103 presiunea exercitat\u0103 asupra sa reprezint\u0103 mai degrab\u0103 o tentativ\u0103 de intimidare. Managerul a eviden\u021biat importan\u021ba continuit\u0103\u021bii conducerii muzeului \u00een contextul unor demersuri esen\u021biale, cum ar fi recuperarea a patru bunuri de patrimoniu furate, \u00eentr-o perioad\u0103 considerat\u0103 crucial\u0103 pentru institu\u021bie.<\/p>\n<p>\u201eAv\u00e2nd \u00een vedere c\u0103 ast\u0103zi, 28 ianuarie, mi s-a solicitat demisia de onoare de c\u0103tre doamna Natalia Intotero, Ministrul Culturii, \u021bin s\u0103 fac precizarea c\u0103 nu mi s-a indicat nicio \u00eenc\u0103lcare a legii sau a normelor aplicabile, g\u0103sindu-se false pretexte pentru a demisiona, \u00eencerc\u00e2ndu-se intimidarea mea prin diverse mijloace.Doresc s\u0103 le mul\u021bumesc tuturor colegilor \u0219i profesionali\u0219tilor din domeniul culturii care \u0219i-au ar\u0103tat solidaritatea fa\u021b\u0103 de institu\u021bie \u00een aceste momente extrem de dificile.De asemenea, le mul\u021bumesc \u00een mod deosebit, colegilor mei din Muzeul Na\u021bional de Istorie a Rom\u00e2niei pentru profesionalismul \u0219i devotamentul dovedite de-a lungul timpului \u0219i, \u00een special, \u00een aceast\u0103 perioad\u0103 de criz\u0103.Am refuzat s\u0103-mi depun demisia de onoare consider\u00e2nd c\u0103 nimic nu poate afecta mai grav procesul de recuperare a celor patru bunuri de patrimoniu furate, ca l\u0103sarea f\u0103r\u0103 conducere a MNIR \u00een aceste zile cruciale\u201d, spune Ernest Oberl\u00e4nder-T\u00e2rnoveanu.<\/p>\n<p><a title=\"Dialog cu scantei intre ministrii de Externe roman si olandez dupa furtul coifului dacic. Oficialul MAE a insistat asupra unui aspect important\" href=\"https:\/\/www.realitatea.net\/stiri\/actual\/dialog-cu-scantei-intre-ministrii-de-externe-roman-si-olandez-dupa-furtul-coifului-dacic-oficialul-mae-a-insistat-asupra-unui-aspect-important_6797b6894a703e3654024492\">Dialog cu sc\u00e2ntei \u00eentre mini\u0219trii de Externe rom\u00e2n \u0219i olandez dup\u0103 furtul coifului dacic. Oficialul MAE a insistat asupra unui aspect important<\/a><\/p>\n<p>Ministrul Culturii i-a cerut demisia de onoare<\/p>\n<p>Ministrul Culturii, Natalia Intotero, l-a demis pe directorul general al Muzeulul Na\u0163ional de Istorie a Rom\u00e2niei, Ernest Oberl\u00e4nder-T\u00e2rnoveanu, dup\u0103 ce acesta a refuzat s\u0103 se retrag\u0103 de bun\u0103voie, \u00een urma scandalului legat de furtul obiectelor din Tezaurul Rom\u00e2niei furate de la un muzeu din Olanda.<\/p>\n<p>\u201eA fost o perioad\u0103 dificil\u0103 de a ob\u0163ine informa\u0163ii din partea domnului director al Muzeului Na\u0163ional de Istorie. Poate c\u0103 \u015fi d\u00e2nsul a fost presat. Poate c\u0103 nu. Cu siguran\u0163\u0103 este o situa\u0163ie nepl\u0103cut\u0103 \u015fi pentru d\u00e2nsul, dar eu personal l-am sim\u0163it dep\u0103\u015fit pe aceast\u0103 component\u0103 de a gestiona o situa\u0163ie de criz\u0103 \u015fi \u00een special pe parte de comunicare. Pe parte de documente, tot ce s-a realizat, institu\u0163iile statului abilitate, care sunt acum \u00een control la noi, ne vor spune dac\u0103 a fost bine, dac\u0103 a fost r\u0103u, dac\u0103 ar fi putut s\u0103 fie totul mai bine. Motiv pentru care, ast\u0103zi, i-am solicitat domnului director general al Muzeului Na\u0163ional de Istorie s\u0103-\u015fi prezinte demisia de onoare. A refuzat. \u00cen consecin\u0163\u0103, eu am mers mai departe, conform prevederilor legale \u00een vigoare\u00a0<\/p>\n<p>Am \u00eenaintat documentele c\u0103tre Muzeul Na\u0163ional de Istorie. Va fi aceast\u0103 perioad\u0103 \u00een care d\u00e2nsul, categoric, va trebui s\u0103-\u015fi fac\u0103 \u015fi parte de inventar. Dup\u0103 cele 15 zile, vom vedea persoana care va fi s\u0103 cordoneze activitatea \u00een aceast\u0103 perioad\u0103 extrem de delicat\u0103, pe o perioad\u0103 de interimar\u201d, a anun\u0163at ministrul Culturii, \u00eentr-o conferin\u0163\u0103 de pres\u0103.\u00a0<a title=\"Ministrul Culturii Natalia Intotero l-a demis pe directorul general al Muzeulul National de Istorie, dupa ce acesta a refuzat sa se retraga de bunavoie\" href=\"https:\/\/www.realitatea.net\/stiri\/actual\/ministrul-culturii-natalia-intotero-la-demis-pe-directorul-general-al-muzeulul-national-de-istorie-dupa-ce-acesta-a-refuzat-sa-se-retraga-de-bunavoie_6798f86948b86e336570e982\">Ministrul Culturii Natalia Intotero l-a demis pe directorul general al Muzeulul Na\u0163ional de Istorie, dup\u0103 ce acesta a refuzat s\u0103 se retrag\u0103 de bun\u0103voie<\/a><\/p>","protected":false},"excerpt":{"rendered":"<p>\u00cen cadrul comunicatului,\u00a0 fostul manager a subliniat c\u0103 nu a fost invocat\u0103 nicio \u00eenc\u0103lcare a&hellip;<\/p>\n","protected":false},"author":0,"featured_media":27279,"comment_status":"open","ping_status":"open","sticky":false,"template":"","format":"standard","meta":{"footnotes":""},"categories":[2],"tags":[],"class_list":["post-27278","post","type-post","status-publish","format-standard","has-post-thumbnail","hentry","category-actual"],"_links":{"self":[{"href":"https:\/\/247stiri.ro\/index.php\/wp-json\/wp\/v2\/posts\/27278","targetHints":{"allow":["GET"]}}],"collection":[{"href":"https:\/\/247stiri.ro\/index.php\/wp-json\/wp\/v2\/posts"}],"about":[{"href":"https:\/\/247stiri.ro\/index.php\/wp-json\/wp\/v2\/types\/post"}],"replies":[{"embeddable":true,"href":"https:\/\/247stiri.ro\/index.php\/wp-json\/wp\/v2\/comments?post=27278"}],"version-history":[{"count":0,"href":"https:\/\/247stiri.ro\/index.php\/wp-json\/wp\/v2\/posts\/27278\/revisions"}],"wp:featuredmedia":[{"embeddable":true,"href":"https:\/\/247stiri.ro\/index.php\/wp-json\/wp\/v2\/media\/27279"}],"wp:attachment":[{"href":"https:\/\/247stiri.ro\/index.php\/wp-json\/wp\/v2\/media?parent=27278"}],"wp:term":[{"taxonomy":"category","embeddable":true,"href":"https:\/\/247stiri.ro\/index.php\/wp-json\/wp\/v2\/categories?post=27278"},{"taxonomy":"post_tag","embeddable":true,"href":"https:\/\/247stiri.ro\/index.php\/wp-json\/wp\/v2\/tags?post=27278"}],"curies":[{"name":"wp","href":"https:\/\/api.w.org\/{rel}","templated":true}]}}