{"id":27280,"date":"2025-01-28T15:45:31","date_gmt":"2025-01-28T15:45:31","guid":{"rendered":"https:\/\/247stiri.ro\/index.php\/2025\/01\/28\/ministrul-culturii-natalia-intotero-l-a-demis-pe-directorul-general-al-muzeulul-national-de-istorie-dupa-ce-acesta-a-refuzat-sa-se-retraga-de-bunavoie\/"},"modified":"2025-01-28T15:45:31","modified_gmt":"2025-01-28T15:45:31","slug":"ministrul-culturii-natalia-intotero-l-a-demis-pe-directorul-general-al-muzeulul-national-de-istorie-dupa-ce-acesta-a-refuzat-sa-se-retraga-de-bunavoie","status":"publish","type":"post","link":"https:\/\/247stiri.ro\/index.php\/2025\/01\/28\/ministrul-culturii-natalia-intotero-l-a-demis-pe-directorul-general-al-muzeulul-national-de-istorie-dupa-ce-acesta-a-refuzat-sa-se-retraga-de-bunavoie\/","title":{"rendered":"Ministrul Culturii Natalia Intotero l-a demis pe directorul general al Muzeulul Na\u0163ional de Istorie, dup\u0103 ce acesta a refuzat s\u0103 se retrag\u0103 de bun\u0103voie"},"content":{"rendered":"<p>\u201dCu siguran\u0163\u0103 este o situa\u0163ie nepl\u0103cut\u0103 \u015fi pentru d\u00e2nsul, dar eu personal l-am sim\u0163it dep\u0103\u015fit pe aceast\u0103 component\u0103 de a gestiona o situa\u0163ie de criz\u0103 \u015fi \u00een special pe parte de comunicare. Pe parte de documente, tot ce s-a realizat, institu\u0163iile statului abilitate, care sunt acum \u00een control la noi, ne vor spune dac\u0103 a fost bine, dac\u0103 a fost r\u0103u, dac\u0103 ar fi putut s\u0103 fie totul mai bine. Motiv pentru care, ast\u0103zi, i-am solicitat domnului director general al Muzeului Na\u0163ional de Istorie s\u0103-\u015fi prezinte demisia de onoare. A refuzat. \u00cen consecin\u0163\u0103, eu am mers mai departe, conform prevederilor legale \u00een vigoare\u201d, a anun\u0163at ministrul Culturii, \u00eentr-o conferin\u0163\u0103 de pres\u0103, potrivit Realitatea Plus.\u00a0\u00a0Conform prevederilor legale, directorul Muzeului Na\u021bional va avea un termen de 15 zile de preaviz. &#8221;\u00a0Am \u00eenaintat documentele c\u0103tre Muzeul Na\u0163ional de Istorie. Va fi aceast\u0103 perioad\u0103 \u00een care d\u00e2nsul, categoric, va trebui s\u0103-\u015fi fac\u0103 \u015fi parte de inventar. Dup\u0103 cele 15 zile, vom vedea persoana care va fi s\u0103 cordoneze activitatea \u00een aceast\u0103 perioad\u0103 extrem de delicat\u0103, pe o perioad\u0103 de interimar\u201d, a precizat Intotero.\u00a0Ernest Oberl\u00e4nder-T\u00e2rnoveanu a fost, \u00eem perioada 2010 \u2013 2011: director general interimar al Muzeulul Na\u0163ional de Istorie a Rom\u00e2niei, iar din 2011 este director general.<\/p>","protected":false},"excerpt":{"rendered":"<p>\u201dCu siguran\u0163\u0103 este o situa\u0163ie nepl\u0103cut\u0103 \u015fi pentru d\u00e2nsul, dar eu personal l-am sim\u0163it dep\u0103\u015fit&hellip;<\/p>\n","protected":false},"author":0,"featured_media":27281,"comment_status":"open","ping_status":"open","sticky":false,"template":"","format":"standard","meta":{"footnotes":""},"categories":[2],"tags":[],"class_list":["post-27280","post","type-post","status-publish","format-standard","has-post-thumbnail","hentry","category-actual"],"_links":{"self":[{"href":"https:\/\/247stiri.ro\/index.php\/wp-json\/wp\/v2\/posts\/27280","targetHints":{"allow":["GET"]}}],"collection":[{"href":"https:\/\/247stiri.ro\/index.php\/wp-json\/wp\/v2\/posts"}],"about":[{"href":"https:\/\/247stiri.ro\/index.php\/wp-json\/wp\/v2\/types\/post"}],"replies":[{"embeddable":true,"href":"https:\/\/247stiri.ro\/index.php\/wp-json\/wp\/v2\/comments?post=27280"}],"version-history":[{"count":0,"href":"https:\/\/247stiri.ro\/index.php\/wp-json\/wp\/v2\/posts\/27280\/revisions"}],"wp:featuredmedia":[{"embeddable":true,"href":"https:\/\/247stiri.ro\/index.php\/wp-json\/wp\/v2\/media\/27281"}],"wp:attachment":[{"href":"https:\/\/247stiri.ro\/index.php\/wp-json\/wp\/v2\/media?parent=27280"}],"wp:term":[{"taxonomy":"category","embeddable":true,"href":"https:\/\/247stiri.ro\/index.php\/wp-json\/wp\/v2\/categories?post=27280"},{"taxonomy":"post_tag","embeddable":true,"href":"https:\/\/247stiri.ro\/index.php\/wp-json\/wp\/v2\/tags?post=27280"}],"curies":[{"name":"wp","href":"https:\/\/api.w.org\/{rel}","templated":true}]}}