{"id":27282,"date":"2025-01-28T15:45:32","date_gmt":"2025-01-28T15:45:32","guid":{"rendered":"https:\/\/247stiri.ro\/index.php\/2025\/01\/28\/ora-2100-la-culisele-statului-paralel-presedintele-ales-calin-georgescu-primul-mesaj-catre-popor-dupa-mesajul-comisie-de-la-venetia-anca-alexandrescu-da-cartile-pe-fata\/"},"modified":"2025-01-28T15:45:32","modified_gmt":"2025-01-28T15:45:32","slug":"ora-2100-la-culisele-statului-paralel-presedintele-ales-calin-georgescu-primul-mesaj-catre-popor-dupa-mesajul-comisie-de-la-venetia-anca-alexandrescu-da-cartile-pe-fata","status":"publish","type":"post","link":"https:\/\/247stiri.ro\/index.php\/2025\/01\/28\/ora-2100-la-culisele-statului-paralel-presedintele-ales-calin-georgescu-primul-mesaj-catre-popor-dupa-mesajul-comisie-de-la-venetia-anca-alexandrescu-da-cartile-pe-fata\/","title":{"rendered":"Ora 21:00, la Culisele Statului Paralel &#8211; PRE\u0218EDINTELE ALES C\u0103lin Georgescu, primul mesaj c\u0103tre POPOR dup\u0103 mesajul comisie de la Vene\u021bia. Anca Alexandrescu d\u0103 c\u0103r\u021bile pe fa\u021b\u0103"},"content":{"rendered":"<p>\u0218tiam de s\u0103pt\u0103m\u00e2na trecut\u0103 c\u0103 vor \u00eencepe semne c\u0103 lucrurile se vor schimba. Ieri a ap\u0103rut raportul Comisiei de la Vene\u021bia, azi iat\u0103 c\u0103 au fost primite peti\u021biile cet\u0103\u021benilor la adresa decizie CCR. Avem \u0219i alte semnale, Coali\u021bia a t\u0103iat 10% din bugetul lui Iohannis i-au t\u0103iat dreptul s\u0103 locuiasc\u0103 \u00een acea vil\u0103. A\u0219adar presiunea popula\u021biei asupra celor de la guvernare are efect.<\/p>\n<p>Disear\u0103 de la ora 21:00 C\u0103lin Georgescu va avea un mesaj \u00een exclusivitate va arata care sunt de fapt adev\u0103ra\u021bii anti-europeni din Rom\u00e2nia. Nu vor s\u0103 intre in acest joc al retoricii cum c\u0103 va fi interzis C\u0103lin Georgescu f\u0103r\u0103 niciun motiv. Este semnalul transmis celor de la putere s\u0103-\u0219i rezolve problemele la vot. Aten\u021bie, la vot!&#8221; a afirmat Anca Alexandrescu, realizatoarea emisiunii Culisele Statului Paralel.\u00a0<\/p>","protected":false},"excerpt":{"rendered":"<p>\u0218tiam de s\u0103pt\u0103m\u00e2na trecut\u0103 c\u0103 vor \u00eencepe semne c\u0103 lucrurile se vor schimba. Ieri a&hellip;<\/p>\n","protected":false},"author":0,"featured_media":27275,"comment_status":"open","ping_status":"open","sticky":false,"template":"","format":"standard","meta":{"footnotes":""},"categories":[2],"tags":[],"class_list":["post-27282","post","type-post","status-publish","format-standard","has-post-thumbnail","hentry","category-actual"],"_links":{"self":[{"href":"https:\/\/247stiri.ro\/index.php\/wp-json\/wp\/v2\/posts\/27282","targetHints":{"allow":["GET"]}}],"collection":[{"href":"https:\/\/247stiri.ro\/index.php\/wp-json\/wp\/v2\/posts"}],"about":[{"href":"https:\/\/247stiri.ro\/index.php\/wp-json\/wp\/v2\/types\/post"}],"replies":[{"embeddable":true,"href":"https:\/\/247stiri.ro\/index.php\/wp-json\/wp\/v2\/comments?post=27282"}],"version-history":[{"count":0,"href":"https:\/\/247stiri.ro\/index.php\/wp-json\/wp\/v2\/posts\/27282\/revisions"}],"wp:featuredmedia":[{"embeddable":true,"href":"https:\/\/247stiri.ro\/index.php\/wp-json\/wp\/v2\/media\/27275"}],"wp:attachment":[{"href":"https:\/\/247stiri.ro\/index.php\/wp-json\/wp\/v2\/media?parent=27282"}],"wp:term":[{"taxonomy":"category","embeddable":true,"href":"https:\/\/247stiri.ro\/index.php\/wp-json\/wp\/v2\/categories?post=27282"},{"taxonomy":"post_tag","embeddable":true,"href":"https:\/\/247stiri.ro\/index.php\/wp-json\/wp\/v2\/tags?post=27282"}],"curies":[{"name":"wp","href":"https:\/\/api.w.org\/{rel}","templated":true}]}}