{"id":27284,"date":"2025-01-28T15:45:32","date_gmt":"2025-01-28T15:45:32","guid":{"rendered":"https:\/\/247stiri.ro\/index.php\/2025\/01\/28\/arsenie-boca-din-nou-la-liber-familia-care-pretindea-ca-detine-marca-inregistrata-a-pierdut-definitiv-procesul\/"},"modified":"2025-01-28T15:45:32","modified_gmt":"2025-01-28T15:45:32","slug":"arsenie-boca-din-nou-la-liber-familia-care-pretindea-ca-detine-marca-inregistrata-a-pierdut-definitiv-procesul","status":"publish","type":"post","link":"https:\/\/247stiri.ro\/index.php\/2025\/01\/28\/arsenie-boca-din-nou-la-liber-familia-care-pretindea-ca-detine-marca-inregistrata-a-pierdut-definitiv-procesul\/","title":{"rendered":"Arsenie Boca, din nou la liber. Familia care pretindea c\u0103 de\u021bine marca \u00eenregistrat\u0103 a pierdut definitiv procesul"},"content":{"rendered":"<p>Scandalul \u00eenregistr\u0103rii m\u0103rcii Arsenie Boca a izbucnit \u00een 2017, c\u00e2nd mai mul\u021bi comercian\u021bi de iconi\u021be \u0219i obiecte biserice\u0219ti au primit notific\u0103ri din partea unei firme din Anglia, de\u0219inut\u0103 de 2 so\u021bi din Iradea, care \u00eei avertiza c\u0103 de\u021bine drepturile de proprietate intelectual\u0103 pentru numele \u0219i imaginea \u201eSf\u00e2ntului Ardealului\u201d \u0219i cerea bani pentru licen\u021be.<\/p>\n<p>Pentru a contracara situa\u021bia absurd\u0103, Biserica Ortodox\u0103 Rom\u00e2n\u0103 a declan\u0219at procesul de canonizare al p\u0103rintelui, iar concomitent Episcopia Devei \u0219i Hunedoarei a atacat \u00een justi\u021bie \u00eenregistrarea m\u0103rcilor. Dup\u0103 ce judec\u0103torii din Rom\u00e2nia \u0219i-au declinat competen\u021ba, pentru c\u0103 so\u021bii Talpo\u0219 au \u00eenregistrat marca la institu\u021bia european\u0103 de proprietate intelectual\u0103 (EUIPO), Episcopia s-a adresat oficiului european, cu sediul \u00een Spania.<\/p>\n<p>Dup\u0103 ani de a\u0219teptare, Biserica a c\u00e2\u0219tigat lupta.\u00a0<a href=\"https:\/\/www.ebihoreanul.ro\/stiri\/arsenie-boca-se-intoarce-smecherii-din-oradea-care-au-incercat-sa-fure-imaginea-si-numele-parintelui-au-pierdut-drepturile-asupra-marcii-191638.html\" target=\"_blank\">BIHOREANUL<\/a> a aflat c\u0103, pe 13 decembrie 2024, EUIPO a decis s\u0103 anuleze m\u0103rcile de\u021binute de Alexandru Talpo\u0219, dup\u0103 ce, anterior, a anulat-o \u0219i pe cea \u00eenregistrat\u0103 de so\u021bia lui. Avoca\u021bii Episcopiei au ar\u0103tat c\u0103 titularii m\u0103rcilor nu le-au folosit, ci doar au \u00eencercat s\u0103 profite de pe urma celor care le-au folosit, dar \u0219i c\u0103 biserica folosea imaginea p\u0103rintelui Arsenie Boca cu mult \u00eenainte ca so\u021bii Talpo\u0219 s\u0103 o fi \u00eenregistrat.<\/p>\n<p>\u00a0<\/p>\n<p>\u00a0<\/p>","protected":false},"excerpt":{"rendered":"<p>Scandalul \u00eenregistr\u0103rii m\u0103rcii Arsenie Boca a izbucnit \u00een 2017, c\u00e2nd mai mul\u021bi comercian\u021bi de iconi\u021be&hellip;<\/p>\n","protected":false},"author":0,"featured_media":27285,"comment_status":"open","ping_status":"open","sticky":false,"template":"","format":"standard","meta":{"footnotes":""},"categories":[2],"tags":[],"class_list":["post-27284","post","type-post","status-publish","format-standard","has-post-thumbnail","hentry","category-actual"],"_links":{"self":[{"href":"https:\/\/247stiri.ro\/index.php\/wp-json\/wp\/v2\/posts\/27284","targetHints":{"allow":["GET"]}}],"collection":[{"href":"https:\/\/247stiri.ro\/index.php\/wp-json\/wp\/v2\/posts"}],"about":[{"href":"https:\/\/247stiri.ro\/index.php\/wp-json\/wp\/v2\/types\/post"}],"replies":[{"embeddable":true,"href":"https:\/\/247stiri.ro\/index.php\/wp-json\/wp\/v2\/comments?post=27284"}],"version-history":[{"count":0,"href":"https:\/\/247stiri.ro\/index.php\/wp-json\/wp\/v2\/posts\/27284\/revisions"}],"wp:featuredmedia":[{"embeddable":true,"href":"https:\/\/247stiri.ro\/index.php\/wp-json\/wp\/v2\/media\/27285"}],"wp:attachment":[{"href":"https:\/\/247stiri.ro\/index.php\/wp-json\/wp\/v2\/media?parent=27284"}],"wp:term":[{"taxonomy":"category","embeddable":true,"href":"https:\/\/247stiri.ro\/index.php\/wp-json\/wp\/v2\/categories?post=27284"},{"taxonomy":"post_tag","embeddable":true,"href":"https:\/\/247stiri.ro\/index.php\/wp-json\/wp\/v2\/tags?post=27284"}],"curies":[{"name":"wp","href":"https:\/\/api.w.org\/{rel}","templated":true}]}}