{"id":27286,"date":"2025-01-28T15:45:33","date_gmt":"2025-01-28T15:45:33","guid":{"rendered":"https:\/\/247stiri.ro\/index.php\/2025\/01\/28\/gunoiul-din-sectorul-5-tratat-mecano-biologic-la-cmid-vidra-la-fel-ca-in-capitalele-europene-dezvoltate\/"},"modified":"2025-01-28T15:45:33","modified_gmt":"2025-01-28T15:45:33","slug":"gunoiul-din-sectorul-5-tratat-mecano-biologic-la-cmid-vidra-la-fel-ca-in-capitalele-europene-dezvoltate","status":"publish","type":"post","link":"https:\/\/247stiri.ro\/index.php\/2025\/01\/28\/gunoiul-din-sectorul-5-tratat-mecano-biologic-la-cmid-vidra-la-fel-ca-in-capitalele-europene-dezvoltate\/","title":{"rendered":"Gunoiul din Sectorul 5, tratat mecano-biologic la CMID Vidra la fel ca \u00een capitalele europene dezvoltate"},"content":{"rendered":"<p>Sub inciden\u021ba \u00een\u021belegerii scrise dintre p\u0103r\u021bi intr\u0103 inclusiv transportul componentelor stabilizate biologic de tip CLO c\u0103tre depozitul ecologic din cadrul aceluia\u0219i amplasament, precum \u0219i transportul \u0219i predarea RDF la instala\u021bii de valorificare energetic\u0103 cu eficien\u021b\u0103 ridicat\u0103.<\/p>\n<p>Astfel, Prim\u0103ria Sectorului 5 devine prima autoritate public\u0103 din Rom\u00e2nia care a f\u0103cut posibil\u0103 tratarea mecano-biologic\u0103 a \u00eentregii cantit\u0103\u021bi de de\u0219euri produs\u0103 de cet\u0103\u021benii acestui sector, la fel cum se procedeaz\u0103 \u00een statele europene dezvoltate care acord\u0103 o importan\u021b\u0103 special\u0103 protec\u021biei mediului \u0219i s\u0103n\u0103t\u0103\u021bii popula\u021biei.<\/p>\n<p>Tehnologia revolu\u021bionar\u0103 de tratare mecano-biologic\u0103 a de\u0219eurilor dezvoltat\u0103 de Eco Sud SA la Centrul de Management Integrat pentru Sortarea, Tratarea Mecano \u2013 Biologic\u0103 \u0219i Eliminarea De\u0219eurilor \u2013 Vidra, jude\u021bul Ilfov, aduce \u00een acest fel mari beneficii locuitorilor Capitalei dar contribuie \u0219i esen\u021bial la respectarea de c\u0103tre Rom\u00e2nia a \u021bintelor de mediu stabilite de Uniunea European\u0103 privind protec\u021bia mediului, reciclarea \u0219i devierea de la \u00a0depozitare a de\u0219eurilor menajere.<\/p>\n<p>Practic, din acest moment, depozitarea clasic\u0103 a de\u0219eurilor menajere la depozitul ecologic Vidra se va diminua progresiv \u0219i consistent, ajung\u00e2ndu-se \u00een scurt timp doar la depozitarea materialelor de acoperire de tip CLO, activitatea principal\u0103 aferent\u0103 de\u0219eurilor mut\u00e2ndu-se total \u00een instala\u021bia de tratare mecano-biologic\u0103.<\/p>\n<p>Inginerii rom\u00e2ni \u0219i germani au ob\u021binut la Vidra un mare progres tehnologic, ajung\u00e2nd la performan\u021ba inegalabil\u0103 \u00een Europa de tratare a 1.000.0000 de tone de de\u0219euri pe an.<\/p>\n<p>Capacitatea \u0219i eficien\u021ba instala\u021biilor de tratare mecano-biologic\u0103 din Vidra a fost considerat\u0103 remarcabil\u0103, aproape dubl\u0103 fa\u021b\u0103 de tehnologiile existente \u00een Europa.<\/p>\n<p>\u00cen instala\u021bia integrat\u0103 de tratare mecano-biologic\u0103 a de\u0219eurilor menajere de la Vidra, procesul tehnologic are la baz\u0103 descompunerea aerob\u0103, care const\u0103 \u00een biodegradarea \u0219i stabilizarea frac\u021biilor organice din de\u0219eu. Solu\u021bia aleas\u0103 este de sistem acoperit cu membrane datorit\u0103 avantajelor pe care le are fa\u021b\u0103 de cel deschis: reducerea cu p\u00e2n\u0103 la jum\u0103tate a masei p\u0103r\u021bii organice, deci a cantit\u0103\u021bii totale eliminate, c\u00e2t \u0219i ob\u021binerea unui material inert din punct de vedere biologic \u0219i al mirosului.<\/p>\n<p>Cum instala\u021bia de la Vidra a fost conceput\u0103 ca una integrat\u0103, de\u0219eurile din Sectorul 5 odat\u0103 intrate sunt procesate \u00een a\u0219a fel \u00eenc\u00e2t acestea se separ\u0103 \u00een componente care devin materii prime pentru fabricile specializate. Toate sunt resurse pre\u021bioase care intr\u0103 \u00een economia circular\u0103, reduc\u00e2nd costurile pentru extrac\u021bia \u0219i producerea altora.<\/p>\n<p>De altfel, numai o instala\u021bie de tratare mecano-biologic\u0103 absolut integrat\u0103 trateaz\u0103 de\u0219eurile \u00een totalitate, le biostabilizeaz\u0103 pentru a nu mai produce factori de mediu d\u0103un\u0103tori &#8211; de la mirosuri, pulberi \u00een suspensie sau lichide contaminate. Pe de alt\u0103 parte, atunci c\u00e2nd tratarea mecanic\u0103 \u0219i cea biologic\u0103 se realizeaz\u0103 pe acela\u0219i amplasament, protec\u021bia mediului se asigur\u0103 \u00een propor\u021bie de 100% iar costurile sunt considerabil diminuate.<\/p>\n<p>Digitalizarea a fost una dintre cheile care au asigurat succesul Eco Sud SA \u00een industria de tratare a de\u0219eurilor iar instala\u021bia de la Vidra a devenit primul e\u0219alon al maturit\u0103\u021bii digitale.<\/p>\n<p>Transformarea efectiv\u0103 a depozit\u0103rii clasice a de\u0219eurilor \u00een tratarea mecano-biologic\u0103 a acestora \u00een instala\u021bii cu o tehnologie performant\u0103 a dus la beneficii multiple pentru autorit\u0103\u021bile publice. \u00cen conformitate cu legisla\u021bia \u00een vigoare, nu mai trebuie pl\u0103tite contribu\u021bia pe economia circular\u0103 \u0219i TVA-ul aferent pentru cantit\u0103\u021bile de de\u0219euri deviate de la depozitare. Astfel, Prim\u0103ria Sectorului 5 va face avea o economie semnificativ\u0103 la bugetul local, \u021bin\u00e2nd cont c\u0103 o mare parte din cantitatea de de\u0219euri municipale tratate la TMB Vidra este valorificat\u0103.<\/p>\n<p>Av\u00e2nd ca \u021bint\u0103 realizarea unei instala\u021bii de tratare mecano-biologic\u0103 a de\u0219eurilor la Vidra care s\u0103 marcheze o schimbare important\u0103 fa\u021b\u0103 de tehnologiile \u0219i capacit\u0103\u021bile utilizate p\u00e2n\u0103 \u00een prezent \u00een Europa, mul\u021bi anali\u0219ti au apreciat c\u0103 proiectul va fi dificil, cu investi\u021bii mari \u0219i blocaje.<\/p>\n<p>\u00a0<\/p>\n<p>Succesul final \u0219i implementarea tehnologiei de tratare a 1.000.000 de tone de de\u0219euri anual \u00eenseamn\u0103 c\u0103 zeci de ingineri \u0219i tehnicieni rom\u00e2ni \u0219i germani \u0219tiau cum s\u0103 construiasc\u0103 \u0219i s\u0103 opereze o instala\u021bie cu o tehnologie de avangard\u0103.<\/p>\n<p>\u00a0<\/p>\n<p>Investi\u021bia mixt\u0103, rom\u00e2no-german\u0103, este de peste 50 milioane de euro iar dot\u0103rile sunt de ultim\u0103 genera\u021bie, pentru a r\u0103spunde compozi\u021biei merceologice a de\u0219eurilor din Bucure\u0219ti supuse analizei \u0219i a respecta normele europene \u00een materie. Este o instala\u021bie ultramodern\u0103, cu cele mai avansate sisteme de tratare, care include inteligen\u021ba artificial\u0103 pentru separatoarele optice \u0219i fluxuri. Toate sunt concentrate \u00eentr-o singur\u0103 instala\u021bie, care are cea mai mare capacitate din Europa.<\/p>\n<p>\u00a0<\/p>\n<p>Tratarea mecano-biologic\u0103 a de\u0219eurilor necesit\u0103 investi\u021bii considerabile, dar are o importan\u021b\u0103 esen\u021bial\u0103 pentru protejarea mediului \u0219i implementarea unor politici de s\u0103n\u0103tate public\u0103 \u00een CE, iar aceste opera\u021biuni de tratare se practic\u0103, la parametri performan\u021bi, de peste 15 ani \u00een \u021b\u0103rile dezvoltate. Sunt obligatorii \u0219i implementate prin legi speciale.<\/p>\n<p>Comisia European\u0103 a cerut \u00een numeroase r\u00e2nduri \u0219i a notificat Rom\u00e2nia pentru implementarea trat\u0103rii mecono-biologice a de\u0219eurilor. Astfel, prin func\u021bionarea instala\u021biei de TMB de la Vidra-Ilfov cu o tehnologice avansat\u0103, problema trat\u0103rii mecano &#8211; biologice pentru regiunea Bucure\u0219ti-Ilfov \u0219i \u00eemprejurimi, care reprezint\u0103 peste 30% din de\u0219eurile municipale generate \u00een Rom\u00e2nia, este rezolvat\u0103 cu succes.<\/p>\n<p>Eco Sud SA este cel mai important furnizor de solu\u021bii integrate de mediu destinate recicl\u0103rii \u0219i gestion\u0103rii de\u0219eurilor menajere solide urbane \u0219i a de\u0219eurilor industriale asimilabile. Compania este licen\u021biat\u0103 Clasa I prin Ordin emis de Autoritatea Na\u021bional\u0103 de Reglementare pentru Serviciile Comunitare de Utilit\u0103\u021bi Publice \u0219i este certificat\u0103 pentru Sistemul de Management de Calitate, Mediu, S\u0103n\u0103tate \u0219i Securitate Ocupa\u021bional\u0103 de c\u0103tre organismul de certificare TUV Rheinland InterCert Gmbh \u2013 Germania.<\/p>\n<p>Cu un portofoliu de \u0219apte Centre de Management Integrat al De\u0219eurilor: Vrancea, Bac\u0103u, Dolj, Teleorman, Giurgiu, Neam\u021b \u0219i Bucure\u0219ti, Eco Sud SA a ales s\u0103 contribuie eficient la protejarea mediului \u00eenconjurator, la o cre\u0219tere economica durabil\u0103 \u0219i la atingerea standardelor de cre\u0219tere a calit\u0103\u021bii vie\u021bii \u00een Rom\u00e2nia, potrivit <a href=\"https:\/\/ecosud.ro\/\">https:\/\/ecosud.ro\/<\/a>.<\/p>","protected":false},"excerpt":{"rendered":"<p>Sub inciden\u021ba \u00een\u021belegerii scrise dintre p\u0103r\u021bi intr\u0103 inclusiv transportul componentelor stabilizate biologic de tip CLO&hellip;<\/p>\n","protected":false},"author":0,"featured_media":27287,"comment_status":"open","ping_status":"open","sticky":false,"template":"","format":"standard","meta":{"footnotes":""},"categories":[2],"tags":[],"class_list":["post-27286","post","type-post","status-publish","format-standard","has-post-thumbnail","hentry","category-actual"],"_links":{"self":[{"href":"https:\/\/247stiri.ro\/index.php\/wp-json\/wp\/v2\/posts\/27286","targetHints":{"allow":["GET"]}}],"collection":[{"href":"https:\/\/247stiri.ro\/index.php\/wp-json\/wp\/v2\/posts"}],"about":[{"href":"https:\/\/247stiri.ro\/index.php\/wp-json\/wp\/v2\/types\/post"}],"replies":[{"embeddable":true,"href":"https:\/\/247stiri.ro\/index.php\/wp-json\/wp\/v2\/comments?post=27286"}],"version-history":[{"count":0,"href":"https:\/\/247stiri.ro\/index.php\/wp-json\/wp\/v2\/posts\/27286\/revisions"}],"wp:featuredmedia":[{"embeddable":true,"href":"https:\/\/247stiri.ro\/index.php\/wp-json\/wp\/v2\/media\/27287"}],"wp:attachment":[{"href":"https:\/\/247stiri.ro\/index.php\/wp-json\/wp\/v2\/media?parent=27286"}],"wp:term":[{"taxonomy":"category","embeddable":true,"href":"https:\/\/247stiri.ro\/index.php\/wp-json\/wp\/v2\/categories?post=27286"},{"taxonomy":"post_tag","embeddable":true,"href":"https:\/\/247stiri.ro\/index.php\/wp-json\/wp\/v2\/tags?post=27286"}],"curies":[{"name":"wp","href":"https:\/\/api.w.org\/{rel}","templated":true}]}}