{"id":27288,"date":"2025-01-28T15:45:33","date_gmt":"2025-01-28T15:45:33","guid":{"rendered":"https:\/\/247stiri.ro\/index.php\/2025\/01\/28\/pensii-se-platesc-cu-intarziere-si-in-februarie-beneficiarii-aproape-ca-s-au-obisunit-sa-nu-primeasca-banii-la-timp\/"},"modified":"2025-01-28T15:45:33","modified_gmt":"2025-01-28T15:45:33","slug":"pensii-se-platesc-cu-intarziere-si-in-februarie-beneficiarii-aproape-ca-s-au-obisunit-sa-nu-primeasca-banii-la-timp","status":"publish","type":"post","link":"https:\/\/247stiri.ro\/index.php\/2025\/01\/28\/pensii-se-platesc-cu-intarziere-si-in-februarie-beneficiarii-aproape-ca-s-au-obisunit-sa-nu-primeasca-banii-la-timp\/","title":{"rendered":"Pensii se pl\u0103tesc cu \u00eent\u00e2rziere \u0219i \u00een FEBRUARIE. Beneficiarii aproape c\u0103 s-au obi\u0219unit s\u0103 nu primeasc\u0103 banii la timp"},"content":{"rendered":"<p>Astfel, po\u0219ta\u0219ii se vor \u00eentoarce la lucru abia luni, pe 3 februarie, ceea ce \u00eenseamn\u0103 c\u0103 livrarea banilor va \u00eencepe pe 4 februarie 2025. Aceast\u0103 situa\u021bie \u00eei vizeaz\u0103 pe cei care au ales ca pensia s\u0103 le fie livrat\u0103 cu ajutorul po\u0219ta\u0219ilor.<\/p>\n<p>\u00cen luna ianuarie \u00eent\u00e2rzierea a fost \u0219i mai mare, pentru c\u0103 prima zi lucr\u0103toare a po\u0219ta\u0219ilor a fost 8 ianuarie, din cauza numeroaselor libere \u0219i a pun\u021bii de la \u00eenceput de an. \u00cen cele din urm\u0103, unii dintre beneficiari \u0219i-au primit banii abia \u00een jurul datei de 20 ianuarie.<\/p>\n<p>Pe de alt\u0103 parte, pensionarii care primesc banii pe card nu vor avea parte de nepl\u0103ceri, pl\u0103\u021bile fiind f\u0103cute \u00eencep\u00e2nd cu data de 12 a lunii \u00een curs.<\/p>\n<p><a href=\"https:\/\/www.realitatea.net\/stiri\/actual\/cand-se-platesc-de-fapt-pensiile-in-ianuarie-dupa-ce-ca-nu-cresc-mai-si-intarzie_6777f1389c986069026b1497#google_vignette\" target=\"_blank\">C\u00e2nd se pl\u0103tesc, de fapt, pensiile in ianuarie. De ce \u00eent\u00e2rzie at\u00e2t de mult?<\/a><\/p>","protected":false},"excerpt":{"rendered":"<p>Astfel, po\u0219ta\u0219ii se vor \u00eentoarce la lucru abia luni, pe 3 februarie, ceea ce \u00eenseamn\u0103&hellip;<\/p>\n","protected":false},"author":0,"featured_media":27289,"comment_status":"open","ping_status":"open","sticky":false,"template":"","format":"standard","meta":{"footnotes":""},"categories":[2],"tags":[],"class_list":["post-27288","post","type-post","status-publish","format-standard","has-post-thumbnail","hentry","category-actual"],"_links":{"self":[{"href":"https:\/\/247stiri.ro\/index.php\/wp-json\/wp\/v2\/posts\/27288","targetHints":{"allow":["GET"]}}],"collection":[{"href":"https:\/\/247stiri.ro\/index.php\/wp-json\/wp\/v2\/posts"}],"about":[{"href":"https:\/\/247stiri.ro\/index.php\/wp-json\/wp\/v2\/types\/post"}],"replies":[{"embeddable":true,"href":"https:\/\/247stiri.ro\/index.php\/wp-json\/wp\/v2\/comments?post=27288"}],"version-history":[{"count":0,"href":"https:\/\/247stiri.ro\/index.php\/wp-json\/wp\/v2\/posts\/27288\/revisions"}],"wp:featuredmedia":[{"embeddable":true,"href":"https:\/\/247stiri.ro\/index.php\/wp-json\/wp\/v2\/media\/27289"}],"wp:attachment":[{"href":"https:\/\/247stiri.ro\/index.php\/wp-json\/wp\/v2\/media?parent=27288"}],"wp:term":[{"taxonomy":"category","embeddable":true,"href":"https:\/\/247stiri.ro\/index.php\/wp-json\/wp\/v2\/categories?post=27288"},{"taxonomy":"post_tag","embeddable":true,"href":"https:\/\/247stiri.ro\/index.php\/wp-json\/wp\/v2\/tags?post=27288"}],"curies":[{"name":"wp","href":"https:\/\/api.w.org\/{rel}","templated":true}]}}