{"id":27290,"date":"2025-01-28T15:45:34","date_gmt":"2025-01-28T15:45:34","guid":{"rendered":"https:\/\/247stiri.ro\/index.php\/2025\/01\/28\/ministrul-educatiei-arunca-bomba-vor-fi-restructurari-ce-se-va-intampla-cu-salariile-profesorilor\/"},"modified":"2025-01-28T15:45:34","modified_gmt":"2025-01-28T15:45:34","slug":"ministrul-educatiei-arunca-bomba-vor-fi-restructurari-ce-se-va-intampla-cu-salariile-profesorilor","status":"publish","type":"post","link":"https:\/\/247stiri.ro\/index.php\/2025\/01\/28\/ministrul-educatiei-arunca-bomba-vor-fi-restructurari-ce-se-va-intampla-cu-salariile-profesorilor\/","title":{"rendered":"Ministrul Educa\u021biei arunc\u0103 bomba: \u201eVor fi restructur\u0103ri\u201d. Ce se va \u00eent\u00e2mpla cu salariile profesorilor"},"content":{"rendered":"<p>\u201e\u00censeamn\u0103 c\u0103 ai de combinat structuri din dou\u0103 ministere \u0219i trebuie s\u0103 evi\u021bi suprapuneri&#8221;, a explicat ministrul \u00een cadrul briefingului sus\u021binut dup\u0103 \u0219edin\u021ba de guvern.<\/p>\n<p>Totodat\u0103, David a ar\u0103tat c\u0103 Ministerul Educa\u021biei \u201enu trebuie s\u0103 fac\u0103 nicio reducere impus\u0103 de cineva printr-un ordin&#8221;\u00a0iar \u00een acest moment este \u00een faza de organizare.<\/p>\n<p>\u201eVor fi restructur\u0103ri \u0219i prin faptul c\u0103 Ministerul Educa\u021biei trebuie s\u0103 preia fostul Minister al Cercet\u0103rii. Astfel, pentru mine este foarte important s\u0103 nu avem structuri, direc\u021bii, oameni care se suprapun, care fac acela\u0219i lucru. Deci, da, vor fi astfel de restructur\u0103ri&#8221;, a spus ministrul, care a explicat c\u0103 restructur\u0103rile nu \u00eenseamn\u0103 neap\u0103rat c\u0103 va exista personal dat afar\u0103.<\/p>\n<p>De asemenea, ministrul a afirmat mar\u021bi c\u0103 obiectivul de 6% din PIB pentru ministerul s\u0103u este unul &#8222;aspira\u021bional&#8221;, subliniind c\u0103 una dintre priorit\u0103\u021bile din acest domeniu este optimizarea cheltuielilor pentru a \u00eembun\u0103t\u0103\u021bi calitatea.<\/p>\n<p><a title=\"Bacalaureat 2025. Incep probele de evaluare a competentelor. Ce mesaj a transmis ministrul Educatiei parintilor si profesorilor \" href=\"https:\/\/www.realitatea.net\/stiri\/actual\/bacalaureat-2025-incep-probele-de-evaluare-a-competentelor-ce-mesaj-a-transmis-ministrul-educatiei-parintilor-si-profesorilor_67972237d3aa9a0473395932\">Bacalaureat 2025. \u00cencep probele de evaluare a competen\u021belor. Ce mesaj a transmis ministrul Educa\u021biei p\u0103rin\u021bilor \u0219i profesorilor<\/a><\/p>\n<p>&#8222;Cu siguran\u0163\u0103, a\u015fteptarea mea este ca bugetul s\u0103 fie mai mare, u\u015for mai mare dec\u00e2t execu\u0163ia bugetar\u0103 de anul trecut, dar \u00eenc\u0103 sunt negocieri, sunt discu\u0163ii. \u015eti\u0163i bine c\u0103 contextul economico-financiar nu arat\u0103 bine, dar asta este a\u015fteptarea mea \u015fi \u00een aceast\u0103 logic\u0103 ducem aceast\u0103 discu\u0163ie &#8211; \u0163inta de 6%, de fapt 15% din noua lege din bugetul general consolidat, este o \u0163int\u0103 care r\u0103m\u00e2ne mereu pentru noi una aspira\u0163ional\u0103 \u015fi ca ministru al Educa\u0163iei \u015fi Cercet\u0103rii nu pot dec\u00e2t s\u0103 vorbesc mereu despre acest lucru, dar ideea fundamental\u0103 pentru mine, \u00een paralel, este s\u0103 eficientizez lucrurile din cadrul ministerului, astfel \u00eenc\u00e2t banii pe care \u00eei primim s\u0103 fiu sigur c\u0103 sunt cheltui\u0163i eficient, astfel \u00eenc\u00e2t s\u0103 fiu sigur c\u0103 nu merg \u00een zone \u00een care c\u00e2\u015ftigurile educa\u0163ionale nu sunt pe m\u0103sura investi\u0163iilor financiare&#8221;, a spus Daniel David \u00een cadrul briefingului de la finalul \u015fedin\u0163ei de guvern.<\/p>\n<p>Oficialul de la Educa\u021bie a men\u021bionat c\u0103 bugetul este \u00een continuare \u00een discu\u021bii cu Ministerul de Finan\u021be \u0219i a subliniat c\u0103, \u00een prezent, Ministerul Educa\u021biei \u0219i Cercet\u0103rii se afl\u0103 \u00een etapa de organizare.<\/p>\n<p>&#8222;Dup\u0103 ce facem aceast\u0103 organizare. \u015ei vocea mea pentru 6% sau 15% va fi mult mai puternic\u0103. Este puternic\u0103 \u015fi acum, dar vreau s\u0103 am \u015fi argumentul c\u0103 banii sunt cheltui\u0163i eficient&#8221;, a mai spus Daniel David.<\/p>\n<p>Acesta a ad\u0103ugat, de asemenea, c\u0103 programul\u00a0&#8222;Mas\u0103 S\u0103n\u0103toas\u0103&#8221;\u00a0reprezint\u0103 un\u00a0&#8222;mecanism fundamental&#8221;\u00a0\u00een contextul \u00een care \u021bara noastr\u0103 are o problem\u0103 major\u0103 \u00een ceea ce prive\u0219te abandonul \u0219colar.<\/p>\n\n<p><a title=\"Daniel David, despre Bacalaureat: Deocamdata nu am primit sesizari cu privire la probleme majore. Lucrurile se deruleaza in mod normal\" href=\"https:\/\/www.realitatea.net\/stiri\/actual\/daniel-david-despre-bacalaureat-deocamdata-nu-am-primit-sesizari-cu-privire-la-probleme-majore-lucrurile-se-deruleaza-in-mod-normal_6798baa82a294f18ec4fd4cb\">Daniel David, despre Bacalaureat: Deocamdat\u0103 nu am primit sesiz\u0103ri cu privire la probleme majore. Lucrurile se deruleaz\u0103 \u00een mod normal<\/a><\/p>","protected":false},"excerpt":{"rendered":"<p>\u201e\u00censeamn\u0103 c\u0103 ai de combinat structuri din dou\u0103 ministere \u0219i trebuie s\u0103 evi\u021bi suprapuneri&#8221;, a&hellip;<\/p>\n","protected":false},"author":0,"featured_media":27291,"comment_status":"open","ping_status":"open","sticky":false,"template":"","format":"standard","meta":{"footnotes":""},"categories":[2],"tags":[],"class_list":["post-27290","post","type-post","status-publish","format-standard","has-post-thumbnail","hentry","category-actual"],"_links":{"self":[{"href":"https:\/\/247stiri.ro\/index.php\/wp-json\/wp\/v2\/posts\/27290","targetHints":{"allow":["GET"]}}],"collection":[{"href":"https:\/\/247stiri.ro\/index.php\/wp-json\/wp\/v2\/posts"}],"about":[{"href":"https:\/\/247stiri.ro\/index.php\/wp-json\/wp\/v2\/types\/post"}],"replies":[{"embeddable":true,"href":"https:\/\/247stiri.ro\/index.php\/wp-json\/wp\/v2\/comments?post=27290"}],"version-history":[{"count":0,"href":"https:\/\/247stiri.ro\/index.php\/wp-json\/wp\/v2\/posts\/27290\/revisions"}],"wp:featuredmedia":[{"embeddable":true,"href":"https:\/\/247stiri.ro\/index.php\/wp-json\/wp\/v2\/media\/27291"}],"wp:attachment":[{"href":"https:\/\/247stiri.ro\/index.php\/wp-json\/wp\/v2\/media?parent=27290"}],"wp:term":[{"taxonomy":"category","embeddable":true,"href":"https:\/\/247stiri.ro\/index.php\/wp-json\/wp\/v2\/categories?post=27290"},{"taxonomy":"post_tag","embeddable":true,"href":"https:\/\/247stiri.ro\/index.php\/wp-json\/wp\/v2\/tags?post=27290"}],"curies":[{"name":"wp","href":"https:\/\/api.w.org\/{rel}","templated":true}]}}