{"id":27294,"date":"2025-01-28T16:44:55","date_gmt":"2025-01-28T16:44:55","guid":{"rendered":"https:\/\/247stiri.ro\/index.php\/2025\/01\/28\/anunt-exploziv-de-la-bruxelles-comisia-europeana-va-tine-cont-de-anuarea-alegerilor-prezidentiale-in-raportul-din-2025-privind-statul-de-drept\/"},"modified":"2025-01-28T16:44:55","modified_gmt":"2025-01-28T16:44:55","slug":"anunt-exploziv-de-la-bruxelles-comisia-europeana-va-tine-cont-de-anuarea-alegerilor-prezidentiale-in-raportul-din-2025-privind-statul-de-drept","status":"publish","type":"post","link":"https:\/\/247stiri.ro\/index.php\/2025\/01\/28\/anunt-exploziv-de-la-bruxelles-comisia-europeana-va-tine-cont-de-anuarea-alegerilor-prezidentiale-in-raportul-din-2025-privind-statul-de-drept\/","title":{"rendered":"Anun\u021b exploziv de la Bruxelles: Comisia European\u0103 va \u021bine cont de anuarea alegerilor preziden\u021biale \u00een raportul din 2025 privind statul de drept"},"content":{"rendered":"<p>Participan\u021bii la CAG au discutat despre raportul din 2024 al Comisiei Europene privind statul de drept \u00een Rom\u00e2nia, Portugalia, Ungaria \u0219i Slovenia \u0219i despre recomand\u0103rile incluse \u00een document, \u00een cadrul dialogului specific privind statul de drept \u00een toate cele 27 de \u021b\u0103ri membre ale Uniunii Europene.&#8221;&#8221;Am avut o discu\u021bie legat\u0103 de o serie de chestiuni privitoare la Rom\u00e2nia ca una dintre cele patru \u021b\u0103ri despre care s-a discutat ast\u0103zi la Consiliu. Discu\u021bia s-a concentrat pe raportul din 2024 privind statul de drept \u0219i la recomand\u0103ri. Rom\u00e2nia a folosit ocazia pentru a-\u0219i prezenta perspectiva asupra activit\u0103\u021bii pe care o face pentru a da curs acelor recomand\u0103ri \u0219i, desigur, Comisia va lua acest lucru \u00een calcul atunci c\u00e2nd va elabora raportul din 2025. Cred c\u0103 este cu adev\u0103rat o ocazie ideal\u0103 pentru noi de a examina toate evolu\u021biile de la \u00eenceputul raportului din 2024. A\u0219adar, a\u0219tept\u0103m cu ner\u0103bdare s\u0103 facem acest lucru \u0219i \u00een paralel s\u0103 dezvolt\u0103m Scutul Democra\u021biei, care vizeaz\u0103 ameliorarea \u0219i ad\u00e2ncirea cooper\u0103rii \u00eentre statele membre prin Re\u021beaua de Cooperare European\u0103 privind Alegerile, recunosc\u00e2nd \u00een acela\u0219i timp autonomia \u0219i competen\u021ba statelor membre de a gestiona desf\u0103\u0219urarea alegerilor \u00een propriile \u021b\u0103ri. A\u0219adar, cu siguran\u021b\u0103 vom examina aceast\u0103 chestiune \u00een contextul raportului din 2025&#8243;&#8221;, a declarat comisarul european Michael McGrath, r\u0103spunz\u00e2nd la \u00eentrebarea unui jurnalist referitoare la transparen\u021ba anul\u0103rii alegerilor preziden\u021biale din Rom\u00e2nia.<\/p>\n<p><a title=\"Avocata lui Calin Georgescu a descins la CCR. Ce DOCUMENTE cere \" href=\"https:\/\/www.realitatea.net\/stiri\/actual\/avocata-lui-calin-georgescu-a-descins-la-ccr-ce-documente-cere-reprezentanta-candidatului-independent-la-prezidentiale_6798ad3e47f7e609f860bbc5\">Avocata lui C\u0103lin Georgescu a descins la CCR. Ce DOCUMENTE cere<\/a>De partea sa, \u00een numele pre\u0219edin\u021biei poloneze a Consiliului UE, ministrul afacerilor europene Adam Szlapka a spus c\u0103 lucreaz\u0103 \u00eendeaproape cu Comisia cu privire la Scutul Democra\u021biei, ce are leg\u0103tur\u0103 cu combaterea interferen\u021belor str\u0103ine \u00een procesul electoral din UE.&#8221;&#8221;\u00cen leg\u0103tur\u0103 cu cele patru state membre despre care am discutat ast\u0103zi &#8211; Ungaria, Portugalia, Rom\u00e2nia \u0219i Slovenia &#8211; raportul din 2024 a eviden\u021biat evolu\u021bii pozitive \u0219i negative, f\u0103c\u00e2nd recomand\u0103ri adecvate, iar acest raport a oferit baza pentru schimbul de opinii \u00eentre mini\u0219tri ast\u0103zi&#8221;&#8221;, a spus Michael McGrath.El s-a referit la cazul specific al Ungariei, care face obiectul procedurii articolului 7 din Tratatul UE care a fost activat\u0103 de Parlamentul European \u00een septembrie 2018 \u0219i \u00een cazul c\u0103reia \u00eenc\u0103 exist\u0103 \u00eengrijor\u0103ri.&#8221;&#8221;A\u0219a cum am repetat ast\u0103zi, Comisia este mereu al\u0103turi pentru a ajuta la eforturile statelor membre de a implementa recomand\u0103rile din raportul anual privind statul de drept \u0219i notez c\u0103 activitatea la edi\u021bia din 2025 a raportului a fost lansat\u0103 \u0219i este \u00een desf\u0103\u0219urare \u00een prezent&#8221;&#8221;, a men\u021bionat McGrath.<\/p>\n<p><a title=\"Nicusor Dan: Anularea alegerilor, un esec urias. Iohannis are o mare responsabilitate in acest esec\" href=\"https:\/\/www.realitatea.net\/stiri\/actual\/nicusor-dan-anularea-alegerilor-un-esec-urias-iohannis-are-o-mare-responsabilitate-in-acest-esec_6798a8cbf557d64427792e78\">Nicu\u015for Dan: Anularea alegerilor, un e\u0219ec uria\u0219. Iohannis are o mare responsabilitate \u00een acest e\u015fec<\/a>Raportul privind statul de drept face parte din efortul mai amplu de a spori competitivitatea UE, care este o prioritate foarte important\u0103 a Comisiei Europene \u00een actualul mandat. &#8222;&#8221;Economia noastr\u0103 este competitiv\u0103 atunci c\u00e2nd cet\u0103\u021benii \u0219i companiile noastre sunt proteja\u021bi de un sistem judiciar independent \u0219i adaug\u0103 valoare \u00een termeni de avantaj competitiv \u0219i de aceea \u00een raportul din 2025 privind statul de drept va fi ad\u0103ugat\u0103 o dimensiune privind pia\u021ba intern\u0103&#8221;&#8221;, a ad\u0103ugat reprezentantul blocului comunitar.Un alt punct al discu\u021biilor din cadrul reuniunii CAG s-a referit la democra\u021bia \u00een interiorul UE, la importan\u021ba protej\u0103rii integrit\u0103\u021bii alegerilor, \u00een special de interferen\u021bele str\u0103ine. Executivul UE consider\u0103 c\u0103 tratarea acestei probleme este o urgen\u021b\u0103 \u0219i este angajat s\u0103 consolideze rezisten\u021ba Europei fa\u021b\u0103 de amenin\u021b\u0103rile externe pentru procesele democratice din statele membre.Potrivit lui Michael McGrath, ap\u0103rarea institu\u021biilor democratice, protejarea alegerilor libere \u0219i corecte \u0219i folosirea tuturor instrumentelor aflate la dispozi\u021bia institu\u021biilor, inclusiv a Comisiei Europene, de exemplu prin Actul legislativ privind serviciile digitale (Digital Services Act), trebuie s\u0103 reprezinte un imperativ pentru UE \u0219i pentru statele membre, scrie Agerpres.Urm\u0103toarea discu\u021bie specific\u0103 fiec\u0103rei \u021b\u0103ri este a\u0219teptat\u0103 s\u0103 aib\u0103 loc \u00een cadrul Consiliului Afaceri Generale din 27 mai, axat\u0103 pe Slovacia, Finlanda, Suedia \u0219i Belgia.<\/p>\n<p><a href=\"https:\/\/www.realitatea.net\/stiri\/politica\/avocata-lui-calin-georgescu-anularea-alegerilor-judecata-de-curtea-penala-internationala-raportul-comisiei-de-la-viena-atesta-ca-ccr-sa-purtat-fraudulos_67987eaa44fa581b6a5fb5e4\" target=\"_blank\">Avocata lui C\u0103lin Georgescu: Anularea alegerilor, judecat\u0103 de Curtea Penal\u0103 Interna\u021bional\u0103. Raportul Comisiei de la Viena atest\u0103 c\u0103 CCR s-a purtat fraudulos<\/a><\/p>","protected":false},"excerpt":{"rendered":"<p>Participan\u021bii la CAG au discutat despre raportul din 2024 al Comisiei Europene privind statul de&hellip;<\/p>\n","protected":false},"author":0,"featured_media":27295,"comment_status":"open","ping_status":"open","sticky":false,"template":"","format":"standard","meta":{"footnotes":""},"categories":[2],"tags":[],"class_list":["post-27294","post","type-post","status-publish","format-standard","has-post-thumbnail","hentry","category-actual"],"_links":{"self":[{"href":"https:\/\/247stiri.ro\/index.php\/wp-json\/wp\/v2\/posts\/27294","targetHints":{"allow":["GET"]}}],"collection":[{"href":"https:\/\/247stiri.ro\/index.php\/wp-json\/wp\/v2\/posts"}],"about":[{"href":"https:\/\/247stiri.ro\/index.php\/wp-json\/wp\/v2\/types\/post"}],"replies":[{"embeddable":true,"href":"https:\/\/247stiri.ro\/index.php\/wp-json\/wp\/v2\/comments?post=27294"}],"version-history":[{"count":0,"href":"https:\/\/247stiri.ro\/index.php\/wp-json\/wp\/v2\/posts\/27294\/revisions"}],"wp:featuredmedia":[{"embeddable":true,"href":"https:\/\/247stiri.ro\/index.php\/wp-json\/wp\/v2\/media\/27295"}],"wp:attachment":[{"href":"https:\/\/247stiri.ro\/index.php\/wp-json\/wp\/v2\/media?parent=27294"}],"wp:term":[{"taxonomy":"category","embeddable":true,"href":"https:\/\/247stiri.ro\/index.php\/wp-json\/wp\/v2\/categories?post=27294"},{"taxonomy":"post_tag","embeddable":true,"href":"https:\/\/247stiri.ro\/index.php\/wp-json\/wp\/v2\/tags?post=27294"}],"curies":[{"name":"wp","href":"https:\/\/api.w.org\/{rel}","templated":true}]}}