{"id":27296,"date":"2025-01-28T16:44:56","date_gmt":"2025-01-28T16:44:56","guid":{"rendered":"https:\/\/247stiri.ro\/index.php\/2025\/01\/28\/accident-grav-pe-dn-68-un-barbat-si-a-pierdut-viata-in-urma-coliziunii-dintre-un-microbuz-si-un-autoturism\/"},"modified":"2025-01-28T16:44:56","modified_gmt":"2025-01-28T16:44:56","slug":"accident-grav-pe-dn-68-un-barbat-si-a-pierdut-viata-in-urma-coliziunii-dintre-un-microbuz-si-un-autoturism","status":"publish","type":"post","link":"https:\/\/247stiri.ro\/index.php\/2025\/01\/28\/accident-grav-pe-dn-68-un-barbat-si-a-pierdut-viata-in-urma-coliziunii-dintre-un-microbuz-si-un-autoturism\/","title":{"rendered":"Accident grav pe DN 68. Un b\u0103rbat \u0219i-a pierdut via\u021ba \u00een urma coliziunii dintre un microbuz \u0219i un autoturism"},"content":{"rendered":"<p>Potrivit Inspectoratului pentru Situa\u021bii de Urgen\u021b\u0103 (ISU) Cara\u0219-Severin, din cauza accidentului autoturismul a luat foc, iar incendiul a fost stins de \u0219oferii din trafic.La fa\u021ba locului au intervenit pompierii militari din Caransebe\u0219 \u0219i cei din cadrul Serviciului Voluntar O\u021belu Ro\u0219u, victimele fiind g\u0103site \u00eencarcerate \u00een cele dou\u0103 autovehicule.\u0218oferul autoturismului nu mai prezenta semne vitale \u0219i, dup\u0103 manevrele de resuscitare necesare, a fost declarat decedat. De asemenea, b\u0103rbatul din microbuz a fost descarcerat \u0219i transportat apoi cu un elicopter SMURD la un spital din Timi\u0219oara, scrie Agerpres.\u00cen continuare, se efectueaz\u0103 cercet\u0103ri pentru stabilirea cauzelor \u0219i \u00eemprejur\u0103rilor \u00een care s-a produs evenimentul, a informat Inspectoratul de Poli\u021bie Jude\u021bean (IPJ) Cara\u0219-Severin.\u00a0<\/p>\n<p><a title=\"Accident nimicitor, in Bistrita: dupa impactul cu un microbuz, masina a fost aruncata in alt autoturism si s-a oprit in stalp. Un pieton, ranit de firele smulse \" href=\"https:\/\/www.realitatea.net\/stiri\/actual\/accident-nimicitor-in-bistrita-dupa-impactul-cu-un-microbuz-masina-a-fost-aruncata-in-alt-autoturism-si-sa-oprit-in-stalp-un-pieton-ranit-de-firele-smulse_6798aed1e3469159b54e39f2\">Accident nimicitor, \u00een Bistri\u021ba: dup\u0103 impactul cu un microbuz, ma\u0219ina a fost aruncat\u0103 \u00een alt autoturism \u0219i s-a oprit \u00een st\u00e2lp. Un pieton, r\u0103nit de firele smulse<\/a><\/p>","protected":false},"excerpt":{"rendered":"<p>Potrivit Inspectoratului pentru Situa\u021bii de Urgen\u021b\u0103 (ISU) Cara\u0219-Severin, din cauza accidentului autoturismul a luat foc,&hellip;<\/p>\n","protected":false},"author":0,"featured_media":27297,"comment_status":"open","ping_status":"open","sticky":false,"template":"","format":"standard","meta":{"footnotes":""},"categories":[2],"tags":[],"class_list":["post-27296","post","type-post","status-publish","format-standard","has-post-thumbnail","hentry","category-actual"],"_links":{"self":[{"href":"https:\/\/247stiri.ro\/index.php\/wp-json\/wp\/v2\/posts\/27296","targetHints":{"allow":["GET"]}}],"collection":[{"href":"https:\/\/247stiri.ro\/index.php\/wp-json\/wp\/v2\/posts"}],"about":[{"href":"https:\/\/247stiri.ro\/index.php\/wp-json\/wp\/v2\/types\/post"}],"replies":[{"embeddable":true,"href":"https:\/\/247stiri.ro\/index.php\/wp-json\/wp\/v2\/comments?post=27296"}],"version-history":[{"count":0,"href":"https:\/\/247stiri.ro\/index.php\/wp-json\/wp\/v2\/posts\/27296\/revisions"}],"wp:featuredmedia":[{"embeddable":true,"href":"https:\/\/247stiri.ro\/index.php\/wp-json\/wp\/v2\/media\/27297"}],"wp:attachment":[{"href":"https:\/\/247stiri.ro\/index.php\/wp-json\/wp\/v2\/media?parent=27296"}],"wp:term":[{"taxonomy":"category","embeddable":true,"href":"https:\/\/247stiri.ro\/index.php\/wp-json\/wp\/v2\/categories?post=27296"},{"taxonomy":"post_tag","embeddable":true,"href":"https:\/\/247stiri.ro\/index.php\/wp-json\/wp\/v2\/tags?post=27296"}],"curies":[{"name":"wp","href":"https:\/\/api.w.org\/{rel}","templated":true}]}}