{"id":27298,"date":"2025-01-28T16:44:56","date_gmt":"2025-01-28T16:44:56","guid":{"rendered":"https:\/\/247stiri.ro\/index.php\/2025\/01\/28\/administratia-biden-ar-fi-incercat-sa-l-asasineze-pe-putin-scenariu-bomba-lansat-de-controversatul-jurnalist-tucker-carlson-politico\/"},"modified":"2025-01-28T16:44:56","modified_gmt":"2025-01-28T16:44:56","slug":"administratia-biden-ar-fi-incercat-sa-l-asasineze-pe-putin-scenariu-bomba-lansat-de-controversatul-jurnalist-tucker-carlson-politico","status":"publish","type":"post","link":"https:\/\/247stiri.ro\/index.php\/2025\/01\/28\/administratia-biden-ar-fi-incercat-sa-l-asasineze-pe-putin-scenariu-bomba-lansat-de-controversatul-jurnalist-tucker-carlson-politico\/","title":{"rendered":"Administra\u021bia Biden ar fi \u00eencercat s\u0103-l ASASINEZE pe Putin. Scenariu bomb\u0103 lansat de controversatul jurnalist Tucker Carlson &#8211; POLITICO"},"content":{"rendered":"<p>\u201eAdministra\u0163ia Biden a f\u0103cut-o, au \u00eencercat s\u0103-l omoare pe Putin\u201d, a declarat fostul prezentator de la Fox News \u00een cel mai recent episod al podcastului s\u0103u \u201eThe Tucker Carlson Show\u201d. \u201eCeea ce este o nebunie\u201d, a ad\u0103ugat jurnalistul. \u201eEste o demen\u0163\u0103 s\u0103 te g\u00e2nde\u015fti la a\u015fa ceva. \u015ei atunci de ce ar fi f\u0103cut-o? Pentru c\u0103 haosul este un paravan care te protejeaz\u0103\u201d, a afirmat Carlson, citat de <a href=\"https:\/\/www.politico.eu\/article\/tucker-carlson-joe-biden-administration-try-kill-vladimir-putin\/\" target=\"_blank\">Politico.<\/a><\/p>\n<p>Influencerul nu a furnizat nicio prob\u0103 \u00een favoarea afirma\u0163iei sale extrem de grave la adresa administra\u0163iei Biden, care a condus SUA din 2021 p\u00e2n\u0103 \u00een 2025, pe perioada invaziei Rusiei \u00een Ucraina.<\/p>\n<p>Carlson, care a fost \u00eenl\u0103turat de la Fox News \u00een 2023, din cauza unor problemele juridice legate tot de o serie de afirma\u0163ii inexacte despre presupusa fraudare a rezultatului ob\u021binut de Donald Trump la alegerile preziden\u021biale din 2020. Ulterior invaziei, jurnalistul a reluat frecvent punctele de vedere ale Kremlinului, critic\u00e2nd ajutorul militar american pentru Kiev \u015fi spun\u00e2nd c\u0103 Ucraina \u201enu este o democra\u0163ie&#8221;.<\/p>\n<p>Mai mult, Carlson a c\u0103l\u0103torit la Moscova \u00een februarie anul trecut \u0219i a realizat un amplu interviu cu Vladimir Putin, intens criticat pentru pozi\u021bia partizan\u0103 adoptat\u0103. \u00cen decembrie, jurnalistul american a f\u0103cut un nou interviu \u00een Rusia, \u00eentr-o abordare similar\u0103, cu ministrul de externe Serghei Lavrov.<\/p>","protected":false},"excerpt":{"rendered":"<p>\u201eAdministra\u0163ia Biden a f\u0103cut-o, au \u00eencercat s\u0103-l omoare pe Putin\u201d, a declarat fostul prezentator de&hellip;<\/p>\n","protected":false},"author":0,"featured_media":27299,"comment_status":"open","ping_status":"open","sticky":false,"template":"","format":"standard","meta":{"footnotes":""},"categories":[2],"tags":[],"class_list":["post-27298","post","type-post","status-publish","format-standard","has-post-thumbnail","hentry","category-actual"],"_links":{"self":[{"href":"https:\/\/247stiri.ro\/index.php\/wp-json\/wp\/v2\/posts\/27298","targetHints":{"allow":["GET"]}}],"collection":[{"href":"https:\/\/247stiri.ro\/index.php\/wp-json\/wp\/v2\/posts"}],"about":[{"href":"https:\/\/247stiri.ro\/index.php\/wp-json\/wp\/v2\/types\/post"}],"replies":[{"embeddable":true,"href":"https:\/\/247stiri.ro\/index.php\/wp-json\/wp\/v2\/comments?post=27298"}],"version-history":[{"count":0,"href":"https:\/\/247stiri.ro\/index.php\/wp-json\/wp\/v2\/posts\/27298\/revisions"}],"wp:featuredmedia":[{"embeddable":true,"href":"https:\/\/247stiri.ro\/index.php\/wp-json\/wp\/v2\/media\/27299"}],"wp:attachment":[{"href":"https:\/\/247stiri.ro\/index.php\/wp-json\/wp\/v2\/media?parent=27298"}],"wp:term":[{"taxonomy":"category","embeddable":true,"href":"https:\/\/247stiri.ro\/index.php\/wp-json\/wp\/v2\/categories?post=27298"},{"taxonomy":"post_tag","embeddable":true,"href":"https:\/\/247stiri.ro\/index.php\/wp-json\/wp\/v2\/tags?post=27298"}],"curies":[{"name":"wp","href":"https:\/\/api.w.org\/{rel}","templated":true}]}}