{"id":27326,"date":"2025-01-28T19:45:01","date_gmt":"2025-01-28T19:45:01","guid":{"rendered":"https:\/\/247stiri.ro\/index.php\/2025\/01\/28\/olandezii-ne-rad-in-nas-jaful-tezaurului-nu-putea-fi-prevenit\/"},"modified":"2025-01-28T19:45:01","modified_gmt":"2025-01-28T19:45:01","slug":"olandezii-ne-rad-in-nas-jaful-tezaurului-nu-putea-fi-prevenit","status":"publish","type":"post","link":"https:\/\/247stiri.ro\/index.php\/2025\/01\/28\/olandezii-ne-rad-in-nas-jaful-tezaurului-nu-putea-fi-prevenit\/","title":{"rendered":"Olandezii ne r\u00e2d \u00een nas: \u201eJaful tezaurului nu putea fi prevenit\u201d"},"content":{"rendered":"<p>Asocia\u021bia Muzeelor din Olanda a declarat c\u0103 nimeni nu poate face nimic s\u0103 opreasc\u0103 o explozie, astfel acest jaf nu ar fi putut fi \u00eempiedicat. Directorul Asocia\u021biei sus\u021bine \u00een continuare c\u0103 Muzeul Drents este o institu\u021bie foarte respectat\u0103 \u0219i c\u0103 angaja\u021bii analizeaz\u0103 de fiecare dat\u0103 toate riscurile care vin la pachet cu o expozi\u021bie de art\u0103.\u00cen acela\u0219i timp, \u0219i fostul director al muzeului sus\u021bine c\u0103 astfel de jafuri nu pot fi \u00eempiedicate. Ba mai mult, acesta consider\u0103 c\u0103 un muzeu r\u0103m\u00e2ne o institu\u021bie public\u0103, astfel piesele de art\u0103 nu pot fi \u00eenchise \u00een seifuri.Istoricul Arthur Brand zis \u0219i &#8222;Detectivul Artei&#8221; a explicat c\u0103 \u00een ultimele luni au avut loc mai multe astfel de jafuri tocmai pentru c\u0103 ho\u021bii au observat c\u0103 aceast\u0103 metod\u0103 nu d\u0103 gre\u0219. \u00cens\u0103, acesta sus\u021bine c\u0103 niciun muzeu nu se poate face nimic \u00een fa\u021ba unei explozii.<\/p>\n<p><a title=\"Fostul procuror general al Romaniei, dezvaluiri despre secretele pietei negre. Ce sanse sunt ca tezaurul furat sa fie recuperat\" href=\"https:\/\/www.realitatea.net\/stiri\/actual\/fostul-procuror-general-al-romaniei-dezvaluiri-despre-secretele-pietei-negre-ce-sanse-sunt-ca-tezaurul-furat-sa-fie-recuperat_679926b939ef6b7c4c09b242\">Fostul procuror general al Rom\u00e2niei, dezv\u0103luiri despre secretele pie\u021bei negre. Ce \u0219anse sunt ca tezaurul furat s\u0103 fie recuperat<\/a>\u00cen plus, pictorul Henk Helmantel, care a avut mai multe tablouri expuse \u00een muzeul Drents acum 5 ani, \u0219i-a ar\u0103tat \u00eengrijorarea despre acest incident. Cu toate acestea, artistul sus\u021bine c\u0103 nicio m\u0103sur\u0103 de siguran\u021b\u0103 nu poate opri o explozie.\u00a0<\/p>\n<p>\u00cen ceea ce prive\u0219te rela\u021bia cu autorit\u0103\u021bile rom\u00e2ne, chiar dac\u0103 ini\u021bial s-a discutat despre o colaborare \u00eentre poli\u021bi\u0219tii din Olanda \u0219i cei din Rom\u00e2nia, potrivit unor surse citate de Realitatea PLUS, anchetatorii rom\u00e2ni nu sunt implica\u021bi \u00een aceast\u0103 anchet\u0103 care se afl\u0103 \u00een plin\u0103 desf\u0103\u0219urare \u0219i \u00een cadrul c\u0103reia, p\u00e2n\u0103 \u00een acest moment, nu a fost re\u021binut\u0103 nicio persoan\u0103. Asta chiar dac\u0103 poli\u021bi\u0219tii olandezi au indicii suficiente referitoare la cei care au comis acest <a href=\"https:\/\/www.realitatea.net\/stiri\/extern\/istoria-clanului-remmo-cea-mai-temuta-organizatie-din-germania-legatura-cu-furtul-tezaurului-dacic-din-olanda_6798743226987a6dc353d7c3\" target=\"_blank\">jaf<\/a>. Vorbim despre 3 persoane care ar fi implicate.\u00a0<\/p>\n<p>Anchetatorii olandezi nu exclud, de asemenea, faptul ca \u0219i\u00a0<a href=\"https:\/\/www.realitatea.net\/stiri\/actual\/ipoteza-noua-luata-in-calcul-de-autoritati-unii-dintre-hotii-tezaurului-ar-putea-fi-romani-clanul-din-spatele-jafului-proba-cheie_679741f764c162660e4381e2\" target=\"_blank\">rom\u00e2ni<\/a>\u00a0s\u0103 fie implica\u021bi \u00een acest jaf.\u00a0<\/p>\n<p><a href=\"https:\/\/www.realitatea.net\/stiri\/actual\/tezaurul-furat-cine-sunt-suspectii-jafului-de-la-muzeul-din-olanda_6797463b7a93a80d1421c976\" target=\"_blank\">TEZAURUL furat. Cine sunt suspec\u021bii jafului de la muzeul din Olanda?<\/a><\/p>","protected":false},"excerpt":{"rendered":"<p>Asocia\u021bia Muzeelor din Olanda a declarat c\u0103 nimeni nu poate face nimic s\u0103 opreasc\u0103 o&hellip;<\/p>\n","protected":false},"author":0,"featured_media":27327,"comment_status":"open","ping_status":"open","sticky":false,"template":"","format":"standard","meta":{"footnotes":""},"categories":[2],"tags":[],"class_list":["post-27326","post","type-post","status-publish","format-standard","has-post-thumbnail","hentry","category-actual"],"_links":{"self":[{"href":"https:\/\/247stiri.ro\/index.php\/wp-json\/wp\/v2\/posts\/27326","targetHints":{"allow":["GET"]}}],"collection":[{"href":"https:\/\/247stiri.ro\/index.php\/wp-json\/wp\/v2\/posts"}],"about":[{"href":"https:\/\/247stiri.ro\/index.php\/wp-json\/wp\/v2\/types\/post"}],"replies":[{"embeddable":true,"href":"https:\/\/247stiri.ro\/index.php\/wp-json\/wp\/v2\/comments?post=27326"}],"version-history":[{"count":0,"href":"https:\/\/247stiri.ro\/index.php\/wp-json\/wp\/v2\/posts\/27326\/revisions"}],"wp:featuredmedia":[{"embeddable":true,"href":"https:\/\/247stiri.ro\/index.php\/wp-json\/wp\/v2\/media\/27327"}],"wp:attachment":[{"href":"https:\/\/247stiri.ro\/index.php\/wp-json\/wp\/v2\/media?parent=27326"}],"wp:term":[{"taxonomy":"category","embeddable":true,"href":"https:\/\/247stiri.ro\/index.php\/wp-json\/wp\/v2\/categories?post=27326"},{"taxonomy":"post_tag","embeddable":true,"href":"https:\/\/247stiri.ro\/index.php\/wp-json\/wp\/v2\/tags?post=27326"}],"curies":[{"name":"wp","href":"https:\/\/api.w.org\/{rel}","templated":true}]}}