{"id":27337,"date":"2025-01-28T20:45:45","date_gmt":"2025-01-28T20:45:45","guid":{"rendered":"https:\/\/247stiri.ro\/index.php\/2025\/01\/28\/apel-disperat-pentru-repatrierea-unui-roman-mort-subit-in-portugalia-avea-doar-35-de-ani\/"},"modified":"2025-01-28T20:45:45","modified_gmt":"2025-01-28T20:45:45","slug":"apel-disperat-pentru-repatrierea-unui-roman-mort-subit-in-portugalia-avea-doar-35-de-ani","status":"publish","type":"post","link":"https:\/\/247stiri.ro\/index.php\/2025\/01\/28\/apel-disperat-pentru-repatrierea-unui-roman-mort-subit-in-portugalia-avea-doar-35-de-ani\/","title":{"rendered":"Apel disperat pentru repatrierea unui rom\u00e2n mort SUBIT, \u00een Portugalia. Avea doar 35 de ani"},"content":{"rendered":"<p>Doru Dogaru avea 35 de ani \u0219i era din Dr\u0103g\u0103ne\u0219ti, jude\u021bul #Gala\u021bi. Plecase \u00een Portugalia, la munc\u0103, \u00een c\u0103utarea unei vie\u021bi mai bune. Cu tat\u0103l \u0219i un frate deceda\u021bi, Doru era capul familiei \u0219i voia s\u0103 le fac\u0103 via\u021ba mai bun\u0103 celor dragi.\u00a0Din p\u0103cate, pe 27 ianuarie 2025, Doru a murit subit, \u00een somn. A f\u0103cut infarct miocardic. Trupul ne\u00eensufle\u021bit este \u00een Portugalia, iar familia nu \u00eel poate aduce acas\u0103 fiindc\u0103 nu are bani. Costurile repatrierii unei persoane decedate dep\u0103\u0219esc 20.000 lei, iar Doru lucra f\u0103r\u0103 forme legale, deci nu avea niciun fel de asigurare, a anun\u021bat <a class=\"x1i10hfl xjbqb8w x1ejq31n xd10rxx x1sy0etr x17r0tee x972fbf xcfux6l x1qhh985 xm0m39n x9f619 x1ypdohk xt0psk2 xe8uvvx xdj266r x11i5rnm xat24cr x1mh8g0r xexx8yu x4uap5 x18d9i69 xkhd6sd x16tdsg8 x1hl2dhg xggy1nq x1a2a7pz x1sur9pj xkrqix3 xzsf02u x1s688f\" href=\"https:\/\/www.facebook.com\/ProLiderFm?__cft__%5B0%5D=AZXIBooS_fwlo0vYU6PHH1TtkkZ_Qya90jk7WERt-puzx1_YXErSZ0kEyxFBGmqkSAvqIdPyjW-aS-34NIyvFYsrC8e9n6Ah95py-ijLMGMXjp8EM2Rn8p-fXZabCQmNXHH4GTtLO3FLOGIZ7ZvhH2DekWA1O1rZIV69edG88xZf2t9GQKwJ82rFcHchHsdSMF9wHKhsA48q42rglOiQxwp_mjdZYqhl_kaEO8d-bc67Dg&amp;__tn__=-UC%2CP-R\">Pro Lider FM.<\/a>\u00a0<\/p>","protected":false},"excerpt":{"rendered":"<p>Doru Dogaru avea 35 de ani \u0219i era din Dr\u0103g\u0103ne\u0219ti, jude\u021bul #Gala\u021bi. Plecase \u00een Portugalia,&hellip;<\/p>\n","protected":false},"author":0,"featured_media":27338,"comment_status":"open","ping_status":"open","sticky":false,"template":"","format":"standard","meta":{"footnotes":""},"categories":[2],"tags":[],"class_list":["post-27337","post","type-post","status-publish","format-standard","has-post-thumbnail","hentry","category-actual"],"_links":{"self":[{"href":"https:\/\/247stiri.ro\/index.php\/wp-json\/wp\/v2\/posts\/27337","targetHints":{"allow":["GET"]}}],"collection":[{"href":"https:\/\/247stiri.ro\/index.php\/wp-json\/wp\/v2\/posts"}],"about":[{"href":"https:\/\/247stiri.ro\/index.php\/wp-json\/wp\/v2\/types\/post"}],"replies":[{"embeddable":true,"href":"https:\/\/247stiri.ro\/index.php\/wp-json\/wp\/v2\/comments?post=27337"}],"version-history":[{"count":0,"href":"https:\/\/247stiri.ro\/index.php\/wp-json\/wp\/v2\/posts\/27337\/revisions"}],"wp:featuredmedia":[{"embeddable":true,"href":"https:\/\/247stiri.ro\/index.php\/wp-json\/wp\/v2\/media\/27338"}],"wp:attachment":[{"href":"https:\/\/247stiri.ro\/index.php\/wp-json\/wp\/v2\/media?parent=27337"}],"wp:term":[{"taxonomy":"category","embeddable":true,"href":"https:\/\/247stiri.ro\/index.php\/wp-json\/wp\/v2\/categories?post=27337"},{"taxonomy":"post_tag","embeddable":true,"href":"https:\/\/247stiri.ro\/index.php\/wp-json\/wp\/v2\/tags?post=27337"}],"curies":[{"name":"wp","href":"https:\/\/api.w.org\/{rel}","templated":true}]}}