{"id":27347,"date":"2025-01-28T21:44:55","date_gmt":"2025-01-28T21:44:55","guid":{"rendered":"https:\/\/247stiri.ro\/index.php\/2025\/01\/28\/un-grup-de-romani-este-blocat-de-conflictul-armat-din-congo-alerta-mae-evitati-orice-calatorie-in-aceasta-tara\/"},"modified":"2025-01-28T21:44:55","modified_gmt":"2025-01-28T21:44:55","slug":"un-grup-de-romani-este-blocat-de-conflictul-armat-din-congo-alerta-mae-evitati-orice-calatorie-in-aceasta-tara","status":"publish","type":"post","link":"https:\/\/247stiri.ro\/index.php\/2025\/01\/28\/un-grup-de-romani-este-blocat-de-conflictul-armat-din-congo-alerta-mae-evitati-orice-calatorie-in-aceasta-tara\/","title":{"rendered":"Un grup de rom\u00e2ni este blocat de conflictul armat din Congo. Alert\u0103 MAE: Evita\u021bi orice c\u0103l\u0103torie \u00een aceast\u0103 \u021bar\u0103!"},"content":{"rendered":"<p>&#8216;Criza din estul RDC este deosebit de grav\u0103, av\u00e2nd implica\u021bii militare, umanitare \u0219i diplomatice, exist\u00e2nd un num\u0103r foarte mare de refugia\u021bi civili \u00een mi\u0219care ca urmare a conflictului dintre grup\u0103rile \u00eenarmate \u0219i armata R.D. Congo. La acest moment, majoritatea cet\u0103\u021benilor rom\u00e2ni este retras\u0103 \u00een baza The United Nations Organization Stabilization Mission in the Democratic Republic of Congo &#8211; MONUSCO din Goma&#8217;, precizeaz\u0103 ministerul rom\u00e2n.\u00cen acest caz a fost \u00eenfiin\u021bat\u0103 Celula de criz\u0103 interinstitu\u021bional\u0103 care, potrivit MAE, continu\u0103 s\u0103 \u00eentreprind\u0103 toate demersurile pe l\u00e2ng\u0103 state din regiune \u0219i la nivelul ONU, ministerul rom\u00e2n fiind \u00een contact cu guvernele RDC, Rwanda, parteneri interna\u021bionali precum \u0219i cu structurile MONUSCO.Celula de criz\u0103 interinstitu\u021bional\u0103 continu\u0103 s\u0103 \u00eentreprind\u0103 demersuri imediate pentru a se asigura c\u0103 cet\u0103\u021benii rom\u00e2ni sunt \u00een afara pericolului, c\u00e2t \u0219i pentru evacuarea acestora \u00een siguran\u021b\u0103, arat\u0103 MAE, care solicit\u0103 tuturor p\u0103r\u021bilor implicate s\u0103 respecte \u0219i s\u0103 protejeze drepturile civililor \u0219i s\u0103 permit\u0103 evacuarea \u00een siguran\u021b\u0103 a cet\u0103\u021benilor str\u0103ini.<\/p>\n<p><a href=\"https:\/\/www.realitatea.net\/stiri\/politica\/semnal-de-alarma-al-mae-ne-confruntam-in-prezent-cu-proliferarea-masiva-in-mediul-online-a-discursului-urii-si-a-teoriilor-conspirationiste_679773bb01496855616494c2\" target=\"_blank\">Semnal de alarm\u0103 al MAE de Ziua Comemor\u0103rii Holocaustului: Ne confrunt\u0103m, \u00een prezent, cu proliferarea masiv\u0103, \u00een mediul online, a discursului urii \u0219i a teoriilor conspira\u021bioniste<\/a><\/p>\n<p>Avertisment de c\u0103l\u0103torie de la MAE<\/p>\n<p>Ministerul Afacerilor Externe (MAE) reaminte\u0219te, mar\u021bi sear\u0103, recomandarea ferm\u0103 adresat\u0103 cet\u0103\u021benilor rom\u00e2ni de a evita orice c\u0103l\u0103torie \u00een Republica Democratic\u0103 (RD) Congo, iar persoanelor de cet\u0103\u021benie rom\u00e2n\u0103 care se afl\u0103 deja pe teritoriul acesteia s\u0103 ia \u00een considerare p\u0103r\u0103sirea imediat\u0103 a \u021b\u0103rii prin intermediul zborurilor comerciale disponibile.Potrivit sursei citate, detalii cu privire la avertismentul de c\u0103l\u0103torie pentru RD Congo, \u021bar\u0103 \u00een care evolueaz\u0103 un conflict \u00eentre grup\u0103ri \u00eenarmate \u0219i armat\u0103, sunt disponibile pe pagina de Internet a MAE:\u00a0<a href=\"https:\/\/www.mae.ro\/travel-alerts\/2902\" target=\"_blank\">https:\/\/www.mae.ro\/travel-alerts\/2902<\/a>.MAE precizeaz\u0103 c\u0103 autorit\u0103\u021bile rom\u00e2ne \u00eentreprind \u00een permanen\u021b\u0103 demersuri la nivel interna\u021bional \u00een vederea identific\u0103rii unor solu\u021bii rapide care s\u0103 sprijine p\u0103r\u0103sirea RD Congo de c\u0103tre cet\u0103\u021benii rom\u00e2ni afla\u021bi \u00een aceast\u0103 \u021bar\u0103.\u00cen cazul \u00een care se confrunt\u0103 cu o situa\u021bie de urgen\u021b\u0103, cet\u0103\u021benii rom\u00e2ni au la dispozi\u021bie urm\u0103toarele\u00a0date de contact ale Ambasadei Rom\u00e2niei la Luanda (Angola): Adresa: Rua Ramalho Ortigao, N\u021930, Bairro Alvalade, Luanda; E-mail:\u00a0luanda@mae.ro; Telefon de urgen\u021b\u0103: +244932131381.Cet\u0103\u021benii rom\u00e2ni pot solicita asisten\u021b\u0103 consular\u0103 la\u00a0numerele de telefon ale Ambasadei Rom\u00e2niei la Luanda: +244222322234; +244916895720,\u00a0apelurile fiind redirec\u021bionate c\u0103tre Centrul de Contact \u0219i Suport al Cet\u0103\u021benilor Rom\u00e2ni din Str\u0103in\u0103tate (CCSCRS) \u0219i preluate de c\u0103tre operatorii Call Center \u00een regim de permanen\u021b\u0103, se mai arat\u0103 \u00een informarea transmis\u0103 de MAE.<\/p>\n<p><a title=\"Dialog cu scantei intre ministrii de Externe roman si olandez dupa furtul coifului dacic. Oficialul MAE a insistat asupra unui aspect important\" href=\"https:\/\/www.realitatea.net\/stiri\/actual\/dialog-cu-scantei-intre-ministrii-de-externe-roman-si-olandez-dupa-furtul-coifului-dacic-oficialul-mae-a-insistat-asupra-unui-aspect-important_6797b6894a703e3654024492\">Dialog cu sc\u00e2ntei \u00eentre mini\u0219trii de Externe rom\u00e2n \u0219i olandez dup\u0103 furtul coifului dacic. Oficialul MAE a insistat asupra unui aspect important<\/a><\/p>","protected":false},"excerpt":{"rendered":"<p>&#8216;Criza din estul RDC este deosebit de grav\u0103, av\u00e2nd implica\u021bii militare, umanitare \u0219i diplomatice, exist\u00e2nd&hellip;<\/p>\n","protected":false},"author":0,"featured_media":27342,"comment_status":"open","ping_status":"open","sticky":false,"template":"","format":"standard","meta":{"footnotes":""},"categories":[2],"tags":[],"class_list":["post-27347","post","type-post","status-publish","format-standard","has-post-thumbnail","hentry","category-actual"],"_links":{"self":[{"href":"https:\/\/247stiri.ro\/index.php\/wp-json\/wp\/v2\/posts\/27347","targetHints":{"allow":["GET"]}}],"collection":[{"href":"https:\/\/247stiri.ro\/index.php\/wp-json\/wp\/v2\/posts"}],"about":[{"href":"https:\/\/247stiri.ro\/index.php\/wp-json\/wp\/v2\/types\/post"}],"replies":[{"embeddable":true,"href":"https:\/\/247stiri.ro\/index.php\/wp-json\/wp\/v2\/comments?post=27347"}],"version-history":[{"count":0,"href":"https:\/\/247stiri.ro\/index.php\/wp-json\/wp\/v2\/posts\/27347\/revisions"}],"wp:featuredmedia":[{"embeddable":true,"href":"https:\/\/247stiri.ro\/index.php\/wp-json\/wp\/v2\/media\/27342"}],"wp:attachment":[{"href":"https:\/\/247stiri.ro\/index.php\/wp-json\/wp\/v2\/media?parent=27347"}],"wp:term":[{"taxonomy":"category","embeddable":true,"href":"https:\/\/247stiri.ro\/index.php\/wp-json\/wp\/v2\/categories?post=27347"},{"taxonomy":"post_tag","embeddable":true,"href":"https:\/\/247stiri.ro\/index.php\/wp-json\/wp\/v2\/tags?post=27347"}],"curies":[{"name":"wp","href":"https:\/\/api.w.org\/{rel}","templated":true}]}}