{"id":27403,"date":"2025-01-29T07:44:51","date_gmt":"2025-01-29T07:44:51","guid":{"rendered":"https:\/\/247stiri.ro\/index.php\/2025\/01\/29\/avocata-lui-georgescu-ducem-o-lupta-de-aparare-nu-suntem-sclavii-ue-nu-ne-rugam-de-ccr-nu-stam-la-mila-nimanui-video\/"},"modified":"2025-01-29T07:44:51","modified_gmt":"2025-01-29T07:44:51","slug":"avocata-lui-georgescu-ducem-o-lupta-de-aparare-nu-suntem-sclavii-ue-nu-ne-rugam-de-ccr-nu-stam-la-mila-nimanui-video","status":"publish","type":"post","link":"https:\/\/247stiri.ro\/index.php\/2025\/01\/29\/avocata-lui-georgescu-ducem-o-lupta-de-aparare-nu-suntem-sclavii-ue-nu-ne-rugam-de-ccr-nu-stam-la-mila-nimanui-video\/","title":{"rendered":"Avocata lui Georgescu: Ducem o lupt\u0103 de ap\u0103rare, nu suntem sclavii UE. Nu ne rug\u0103m de CCR, nu st\u0103m la mila nim\u0103nui\u00a0&#8211; VIDEO"},"content":{"rendered":"<p>Avocata pre\u0219edintelui ales sus\u021bine c\u0103 Iohannis uzurp\u0103 calit\u0103\u021bile oficiale de pre\u0219edinte \u0219i c\u0103 st\u0103 ilegal la Cotroceni pe banii poporului.\u00a0<\/p>\n<p>&#8222;Avem un cet\u0103\u021bean pe care-l pl\u0103tim. St\u0103m s\u0103 cheltuim bani ca s\u0103 \u021binem cet\u0103\u021beanul ilegitim la Cotroceni sau pe o unde o sta el, un guvern ilegitim pentru c\u0103 a fost validat de cet\u0103\u021beanul Klaus.<\/p>\n<p>Din 22 decembrie orele 00 st\u0103 prin uzurpare de calit\u0103\u021bi oficiale. Noi nu ne rug\u0103m de CCR, de judec\u0103tori, nu st\u0103m la mila nim\u0103nui pentru c\u0103 \u0219i ei sunt pl\u0103ti\u021bi din banii no\u0219tri&#8221;, a spus avocata Marina Alexandru, \u00een emisiunea Culisele Statului Paralel.\u00a0<\/p>","protected":false},"excerpt":{"rendered":"<p>Avocata pre\u0219edintelui ales sus\u021bine c\u0103 Iohannis uzurp\u0103 calit\u0103\u021bile oficiale de pre\u0219edinte \u0219i c\u0103 st\u0103 ilegal&hellip;<\/p>\n","protected":false},"author":0,"featured_media":27404,"comment_status":"open","ping_status":"open","sticky":false,"template":"","format":"standard","meta":{"footnotes":""},"categories":[3],"tags":[],"class_list":["post-27403","post","type-post","status-publish","format-standard","has-post-thumbnail","hentry","category-politica"],"_links":{"self":[{"href":"https:\/\/247stiri.ro\/index.php\/wp-json\/wp\/v2\/posts\/27403","targetHints":{"allow":["GET"]}}],"collection":[{"href":"https:\/\/247stiri.ro\/index.php\/wp-json\/wp\/v2\/posts"}],"about":[{"href":"https:\/\/247stiri.ro\/index.php\/wp-json\/wp\/v2\/types\/post"}],"replies":[{"embeddable":true,"href":"https:\/\/247stiri.ro\/index.php\/wp-json\/wp\/v2\/comments?post=27403"}],"version-history":[{"count":0,"href":"https:\/\/247stiri.ro\/index.php\/wp-json\/wp\/v2\/posts\/27403\/revisions"}],"wp:featuredmedia":[{"embeddable":true,"href":"https:\/\/247stiri.ro\/index.php\/wp-json\/wp\/v2\/media\/27404"}],"wp:attachment":[{"href":"https:\/\/247stiri.ro\/index.php\/wp-json\/wp\/v2\/media?parent=27403"}],"wp:term":[{"taxonomy":"category","embeddable":true,"href":"https:\/\/247stiri.ro\/index.php\/wp-json\/wp\/v2\/categories?post=27403"},{"taxonomy":"post_tag","embeddable":true,"href":"https:\/\/247stiri.ro\/index.php\/wp-json\/wp\/v2\/tags?post=27403"}],"curies":[{"name":"wp","href":"https:\/\/api.w.org\/{rel}","templated":true}]}}