{"id":27414,"date":"2025-01-29T07:44:54","date_gmt":"2025-01-29T07:44:54","guid":{"rendered":"https:\/\/247stiri.ro\/index.php\/2025\/01\/29\/noutati-din-ancheta-tezaurului-dacic-autorii-jafului-de-la-muzeul-de-arta-drents-ar-fi-din-olanda-de-nord\/"},"modified":"2025-01-29T07:44:54","modified_gmt":"2025-01-29T07:44:54","slug":"noutati-din-ancheta-tezaurului-dacic-autorii-jafului-de-la-muzeul-de-arta-drents-ar-fi-din-olanda-de-nord","status":"publish","type":"post","link":"https:\/\/247stiri.ro\/index.php\/2025\/01\/29\/noutati-din-ancheta-tezaurului-dacic-autorii-jafului-de-la-muzeul-de-arta-drents-ar-fi-din-olanda-de-nord\/","title":{"rendered":"Nout\u0103\u021bi din ancheta tezaurului dacic. Autorii jafului de la Muzeul de Art\u0103 Drents ar fi din Olanda de Nord"},"content":{"rendered":"<p>Potrivit emisiunii, exist\u0103 mai multe indicii conform c\u0103rora suspec\u0163ii \u00een cazul furtului obiectelor dacice din aur ar fi din Olanda de Nord. Anterior, fusese emis\u0103 ipoteza c\u0103 ar fi rom\u00e2ni sau c\u0103 \u00een jaf ar fi implicat celebrul clan Remmo din Germania.<\/p>\n<p>Autorit\u0103\u0163ile au transmis un apel prin care le cer f\u0103pta\u0163ilor s\u0103 se predea de bun\u0103voie cu prada, dar \u00eentre timp continu\u0103 investiga\u0163iile \u015fi descoper\u0103 noi indicii.\u00a0<\/p>\n<p>Cei trei ho\u0163i au folosit explozibil pentru a arunca \u00een aer u\u015fa grea de la intrare, pentru a avea acces \u00een muzeu. \u00cen interior, ei au spart, printre altele, o vitrin\u0103 \u00een care se aflau obiectele de valoare &#8211; coiful de la Co\u0163ofene\u015fti \u015fi trei br\u0103\u0163\u0103ri de aur. Poli\u0163ia face apel la popula\u0163ie \u00een cazul \u00een care a g\u0103sit obiecte \u00een apropierea muzeului ce ar putea avea leg\u0103tur\u0103 cu jaful, de pild\u0103 haine pe care infractorii le-ar fi putut arunca \u00een zon\u0103.<\/p>\n<p>Au fost g\u0103site deja unelte care au fost folosite de infractori &#8211; dou\u0103 ciocane \u015fi o rang\u0103. Imagini de pe camerele de supraveghere \u00eei arat\u0103 \u00een timp ce le folosesc la spargere. De asemenea, un baros a fost scos dintr-un canal cu ap\u0103 din apropierea muzeului.<\/p>\n<p>Poli\u0163ia mai \u015ftie c\u0103 suspec\u0163ii conduceau un Volkswagen Golf. Acesta a fost furat \u00een Alkmaar \u00een noaptea de 22 spre 23 ianuarie. Pl\u0103cu\u0163ele de \u00eenmatriculare care i-au fost ata\u015fate ulterior au fost furate, de asemenea, dar din alt\u0103 parte, din Witmarsum. Cei implica\u0163i \u00een jaf au fost v\u0103zu\u0163i cu ma\u015fina Golf \u00een ora\u015ful Groningen, dar nu este \u00eenc\u0103 clar unde a fost ma\u015fina \u00eentre 23 ianuarie \u015fi jaful de la muzeu, comis dou\u0103 zile mai t\u00e2rziu \u00een Assen. Poli\u0163ia olandez\u0103 cere din nou ajutorul popula\u0163iei cu informa\u0163ii \u00een acest sens.<\/p>\n<p>Poli\u0163ia a primit informa\u0163ii interesante potrivit c\u0103rora \u015fi o camionet\u0103 ar fi putut fi implicat\u0103 \u00een jaf. Ar fi vorba despre un Ford Transit de culoare \u00eenchis\u0103. Poli\u0163ia face apel la orice persoan\u0103 care a v\u0103zut o situa\u0163ie suspect\u0103 \u00een ultimele zile \u00een care a fost implicat un Ford Transit s\u0103 se prezinte la autorit\u0103\u0163i \u015fi s\u0103 spun\u0103 ce \u015ftie.<\/p>\n<p>Volkswagen-ul Golf gri \u00eenchis folosit la jaf a fost incendiat sub un pod de l\u00e2ng\u0103 Rolde. Ma\u015fina a fost v\u0103zut\u0103 \u00een Groningen, Drenthe Nord \u015fi Assen cu pu\u0163in timp \u00eenainte de jaf. La momentul respectiv, ma\u015fina avea num\u0103ul de \u00eenmatriculare furat, K-813-BK. Anterior, ma\u015fina avusese num\u0103rul de \u00eenmatriculare P-343-RL Golf-ul a fost v\u0103zut pe 23 ianuarie \u00een jurul orei 04:20 \u00een Groningen \u015fi a fost surprins din nou abia aproape 48 de ore mai t\u00e2rziu \u00een apropierea Muzeului Drents. Exist\u0103 imagini cu ma\u015fina arz\u00e2nd apoi sub viaductul de l\u00e2ng\u0103 Rolde. Apoi, un vehicul opre\u015fte \u00een apropiere \u015fi pleac\u0103 \u00een direc\u0163ia de sud.<\/p>\n<p>Presiunea asupra echipei de detectivi format\u0103 din aproximativ 30 de ofi\u0163eri de poli\u0163ie este enorm\u0103, scrie De Telegraaf. Guvernul rom\u00e2n vrea ca obiectele de aur furate s\u0103 fie returnate c\u00e2t mai cur\u00e2nd posibil. Premierul rom\u00e2n Marcel Ciolacu inten\u0163ioneaz\u0103 s\u0103 cear\u0103 \u201edesp\u0103gubiri f\u0103r\u0103 precedent\u201d dup\u0103 furtul de art\u0103 de la Muzeul Drent. \u00cen plus, Ciolacu nu exclude o recompens\u0103 pentru cel care g\u0103se\u015fte comorile dacice furate. Luni, un antreprenor olandez din Bucure\u015fti a informat deja De Telegraaf c\u0103 va pune la dispozi\u0163ie 100.000 de euro pentru \u201epontul de aur\u201d.<\/p>","protected":false},"excerpt":{"rendered":"<p>Potrivit emisiunii, exist\u0103 mai multe indicii conform c\u0103rora suspec\u0163ii \u00een cazul furtului obiectelor dacice din&hellip;<\/p>\n","protected":false},"author":0,"featured_media":27415,"comment_status":"open","ping_status":"open","sticky":false,"template":"","format":"standard","meta":{"footnotes":""},"categories":[2],"tags":[],"class_list":["post-27414","post","type-post","status-publish","format-standard","has-post-thumbnail","hentry","category-actual"],"_links":{"self":[{"href":"https:\/\/247stiri.ro\/index.php\/wp-json\/wp\/v2\/posts\/27414","targetHints":{"allow":["GET"]}}],"collection":[{"href":"https:\/\/247stiri.ro\/index.php\/wp-json\/wp\/v2\/posts"}],"about":[{"href":"https:\/\/247stiri.ro\/index.php\/wp-json\/wp\/v2\/types\/post"}],"replies":[{"embeddable":true,"href":"https:\/\/247stiri.ro\/index.php\/wp-json\/wp\/v2\/comments?post=27414"}],"version-history":[{"count":0,"href":"https:\/\/247stiri.ro\/index.php\/wp-json\/wp\/v2\/posts\/27414\/revisions"}],"wp:featuredmedia":[{"embeddable":true,"href":"https:\/\/247stiri.ro\/index.php\/wp-json\/wp\/v2\/media\/27415"}],"wp:attachment":[{"href":"https:\/\/247stiri.ro\/index.php\/wp-json\/wp\/v2\/media?parent=27414"}],"wp:term":[{"taxonomy":"category","embeddable":true,"href":"https:\/\/247stiri.ro\/index.php\/wp-json\/wp\/v2\/categories?post=27414"},{"taxonomy":"post_tag","embeddable":true,"href":"https:\/\/247stiri.ro\/index.php\/wp-json\/wp\/v2\/tags?post=27414"}],"curies":[{"name":"wp","href":"https:\/\/api.w.org\/{rel}","templated":true}]}}