{"id":27426,"date":"2025-01-29T08:49:59","date_gmt":"2025-01-29T08:49:59","guid":{"rendered":"https:\/\/247stiri.ro\/index.php\/2025\/01\/29\/politistii-din-dolj-au-pornit-o-ancheta-dupa-ce-un-barbat-de-57-de-ani-a-fost-gasit-mort-in-locuinta-unde-statea-cu-chirie\/"},"modified":"2025-01-29T08:49:59","modified_gmt":"2025-01-29T08:49:59","slug":"politistii-din-dolj-au-pornit-o-ancheta-dupa-ce-un-barbat-de-57-de-ani-a-fost-gasit-mort-in-locuinta-unde-statea-cu-chirie","status":"publish","type":"post","link":"https:\/\/247stiri.ro\/index.php\/2025\/01\/29\/politistii-din-dolj-au-pornit-o-ancheta-dupa-ce-un-barbat-de-57-de-ani-a-fost-gasit-mort-in-locuinta-unde-statea-cu-chirie\/","title":{"rendered":"Poli\u021bi\u0219tii din Dolj au pornit o anchet\u0103, dup\u0103 ce un b\u0103rbat de 57 de ani a fost g\u0103sit mort \u00een locuin\u0163a unde st\u0103tea cu chirie"},"content":{"rendered":"<p>Reprezentan\u0163ii Inspectoratului de Poli\u0163ie al Jude\u0163ului Dolj au anun\u0163at c\u0103 poli\u0163i\u015ftii Sec\u0163iei 3 Craiova au fost anun\u0163a\u0163i, mar\u0163i sear\u0103, de un b\u0103rbat din Craiova cu privire la faptul c\u0103 l-a g\u0103sit decedat pe chiria\u015ful imobilului pe care \u00eel de\u0163ine.<\/p>\n<p>\u201dLa fa\u0163a locului s-au deplasat de urgen\u0163\u0103 poli\u0163i\u015ftii sec\u0163iei precum \u015fi poli\u0163i\u015fti ai Serviciului Investiga\u0163ii Criminale \u015fi Serviciului Criminalistic, fiind identificat un b\u0103rbat de 57 de ani, din Craiova. Din nefericire, b\u0103rbatul a fost g\u0103sit a\u015fezat pe un pat din locuin\u0163\u0103, f\u0103r\u0103 a prezenta semne vitale\u201d, au anun\u0163at poli\u0163i\u015ftii.<\/p>\n<p>Poli\u0163i\u015ftii au deschis un dosar penal pentru comiterea infrac\u0163iunii de ucidere din culp\u0103 \u015fi continu\u0103 cercet\u0103rile pentru a stabili \u00eemprejur\u0103rile \u00een care s-a produs evenimentul.<\/p>\n<p>De asemenea, urmeaz\u0103 s\u0103 fie f\u0103cut\u0103 o expertiz\u0103 medico-legal\u0103 pentru stabilirea cauzei decesului.<\/p>\n<p>Anchetatorii l-au g\u0103sit pe b\u0103rbat cu o pung\u0103 pus\u0103 pe cap, iar din primele verific\u0103ri nu au fost g\u0103site urme de violen\u0163\u0103 de corpul acestuia.<\/p>","protected":false},"excerpt":{"rendered":"<p>Reprezentan\u0163ii Inspectoratului de Poli\u0163ie al Jude\u0163ului Dolj au anun\u0163at c\u0103 poli\u0163i\u015ftii Sec\u0163iei 3 Craiova au&hellip;<\/p>\n","protected":false},"author":0,"featured_media":27427,"comment_status":"open","ping_status":"open","sticky":false,"template":"","format":"standard","meta":{"footnotes":""},"categories":[2],"tags":[],"class_list":["post-27426","post","type-post","status-publish","format-standard","has-post-thumbnail","hentry","category-actual"],"_links":{"self":[{"href":"https:\/\/247stiri.ro\/index.php\/wp-json\/wp\/v2\/posts\/27426","targetHints":{"allow":["GET"]}}],"collection":[{"href":"https:\/\/247stiri.ro\/index.php\/wp-json\/wp\/v2\/posts"}],"about":[{"href":"https:\/\/247stiri.ro\/index.php\/wp-json\/wp\/v2\/types\/post"}],"replies":[{"embeddable":true,"href":"https:\/\/247stiri.ro\/index.php\/wp-json\/wp\/v2\/comments?post=27426"}],"version-history":[{"count":0,"href":"https:\/\/247stiri.ro\/index.php\/wp-json\/wp\/v2\/posts\/27426\/revisions"}],"wp:featuredmedia":[{"embeddable":true,"href":"https:\/\/247stiri.ro\/index.php\/wp-json\/wp\/v2\/media\/27427"}],"wp:attachment":[{"href":"https:\/\/247stiri.ro\/index.php\/wp-json\/wp\/v2\/media?parent=27426"}],"wp:term":[{"taxonomy":"category","embeddable":true,"href":"https:\/\/247stiri.ro\/index.php\/wp-json\/wp\/v2\/categories?post=27426"},{"taxonomy":"post_tag","embeddable":true,"href":"https:\/\/247stiri.ro\/index.php\/wp-json\/wp\/v2\/tags?post=27426"}],"curies":[{"name":"wp","href":"https:\/\/api.w.org\/{rel}","templated":true}]}}