{"id":27434,"date":"2025-01-29T08:50:02","date_gmt":"2025-01-29T08:50:02","guid":{"rendered":"https:\/\/247stiri.ro\/index.php\/2025\/01\/29\/coalitia-stabileste-astazi-ajutoarele-unice-pentru-pensionarii-cu-venituri-mici-zi-cruciala-pentru-seniorii-romaniei\/"},"modified":"2025-01-29T08:50:02","modified_gmt":"2025-01-29T08:50:02","slug":"coalitia-stabileste-astazi-ajutoarele-unice-pentru-pensionarii-cu-venituri-mici-zi-cruciala-pentru-seniorii-romaniei","status":"publish","type":"post","link":"https:\/\/247stiri.ro\/index.php\/2025\/01\/29\/coalitia-stabileste-astazi-ajutoarele-unice-pentru-pensionarii-cu-venituri-mici-zi-cruciala-pentru-seniorii-romaniei\/","title":{"rendered":"Coali\u021bia stabile\u0219te ast\u0103zi AJUTOARELE UNICE pentru pensionarii cu venituri mici. Zi crucial\u0103 pentru seniorii Rom\u00e2niei"},"content":{"rendered":"<p>Sunt discu\u021bii importante \u0219i ast\u0103zi \u00eentre liderii Coali\u021biei. Ace\u0219tia se \u00eent\u00e2lnesc din nou pentru a finaliza discu\u021biile \u00een ceea ce prive\u0219te bugetul pe acest an\u00a0\u0219i, totodat\u0103, pentru a g\u0103si banii pentru ajutoarele unice, care ar urma s\u0103 ajung\u0103 la pensionari cel mai t\u00e2rziu \u00een luna septembrie.<\/p>\n<p>\u0218tim de la Ministrul de Finan\u021be c\u0103 pentru plata pensilor \u00een acest an vor fi alocate 169 de miliarde de lei, \u00eens\u0103 \u00een ace\u0219ti bani nu a fost inclus\u0103\u00a0\u0219i acea sum\u0103 pentru aceste ajutoare unice.<\/p>\n<p>At\u00e2t la Ministerul de Finan\u021be, c\u00e2t \u0219i la Ministerul Muncii s-au f\u0103cut analize\u00a0pentru a vedea care este impactul bugetar \u0219i dup\u0103 \u0219edin\u021ba de ast\u0103zi ar urma s\u0103 afl\u0103m care este acest impact, dar \u0219i ce ajutoare primesc oamenii.<\/p>\n<p>Scenariul pe care merg acum liderii\u00a0este s\u0103 fie acordate sumele de bani rom\u00e2nilor cu venituri de p\u00e2n\u0103 \u00een 3000 de lei,\u00a0iar dac\u0103 ne raport\u0103m la anii trecu\u021bi, atunci cei cu venituri mici ar putea s\u0103 primeasc\u0103 chiar p\u00e2n\u0103 la 1000 de lei. Se vor oferi sume diferen\u021biate \u00een func\u021bie de pragurile stabilite de c\u0103tre oficiali.<\/p>\n<p>Pe de alt\u0103 parte, este important s\u0103 preciz\u0103m c\u0103 vorbim despre un buget cump\u0103tat. Ministrul de Finan\u021be, spunea c\u0103 statul trebuie s\u0103 intre &#8222;la diet\u0103&#8221;. Vorbim despre un buget care prioritizeaz\u0103 plata veniturilor pentru rom\u00e2ni, dar \u0219i investi\u021biile, a\u0219adar vom vedea \u0219i dac\u0103 va fi posibil\u0103 o indexare cu infla\u021bia \u00een acest an. Se va face o analiz\u0103 cel mai probabil dup\u0103 prima rectificare bugetar\u0103.<\/p>","protected":false},"excerpt":{"rendered":"<p>Sunt discu\u021bii importante \u0219i ast\u0103zi \u00eentre liderii Coali\u021biei. Ace\u0219tia se \u00eent\u00e2lnesc din nou pentru a&hellip;<\/p>\n","protected":false},"author":0,"featured_media":27422,"comment_status":"open","ping_status":"open","sticky":false,"template":"","format":"standard","meta":{"footnotes":""},"categories":[2],"tags":[],"class_list":["post-27434","post","type-post","status-publish","format-standard","has-post-thumbnail","hentry","category-actual"],"_links":{"self":[{"href":"https:\/\/247stiri.ro\/index.php\/wp-json\/wp\/v2\/posts\/27434","targetHints":{"allow":["GET"]}}],"collection":[{"href":"https:\/\/247stiri.ro\/index.php\/wp-json\/wp\/v2\/posts"}],"about":[{"href":"https:\/\/247stiri.ro\/index.php\/wp-json\/wp\/v2\/types\/post"}],"replies":[{"embeddable":true,"href":"https:\/\/247stiri.ro\/index.php\/wp-json\/wp\/v2\/comments?post=27434"}],"version-history":[{"count":0,"href":"https:\/\/247stiri.ro\/index.php\/wp-json\/wp\/v2\/posts\/27434\/revisions"}],"wp:featuredmedia":[{"embeddable":true,"href":"https:\/\/247stiri.ro\/index.php\/wp-json\/wp\/v2\/media\/27422"}],"wp:attachment":[{"href":"https:\/\/247stiri.ro\/index.php\/wp-json\/wp\/v2\/media?parent=27434"}],"wp:term":[{"taxonomy":"category","embeddable":true,"href":"https:\/\/247stiri.ro\/index.php\/wp-json\/wp\/v2\/categories?post=27434"},{"taxonomy":"post_tag","embeddable":true,"href":"https:\/\/247stiri.ro\/index.php\/wp-json\/wp\/v2\/tags?post=27434"}],"curies":[{"name":"wp","href":"https:\/\/api.w.org\/{rel}","templated":true}]}}