{"id":27436,"date":"2025-01-29T08:50:02","date_gmt":"2025-01-29T08:50:02","guid":{"rendered":"https:\/\/247stiri.ro\/index.php\/2025\/01\/29\/adolescenta-de-15-ani-rapita-in-toiul-noptii-din-propria-casa-parintii-fetei-martori-la-cumplita-scena\/"},"modified":"2025-01-29T08:50:02","modified_gmt":"2025-01-29T08:50:02","slug":"adolescenta-de-15-ani-rapita-in-toiul-noptii-din-propria-casa-parintii-fetei-martori-la-cumplita-scena","status":"publish","type":"post","link":"https:\/\/247stiri.ro\/index.php\/2025\/01\/29\/adolescenta-de-15-ani-rapita-in-toiul-noptii-din-propria-casa-parintii-fetei-martori-la-cumplita-scena\/","title":{"rendered":"Adolescent\u0103 de 15 ani, R\u0102PIT\u0102 \u00een toiul nop\u021bii din propria cas\u0103. P\u0103rin\u021bii fetei, martori la cumplita scen\u0103"},"content":{"rendered":"<p>\u201dLa data de 29 ianuarie a.c., \u00een jurul orei 00:15, poli\u0163i\u015ftii din cadrul Poli\u0163iei municipiului Zal\u0103u au fost sesiza\u0163i, prin apel 112, de c\u0103tre un b\u0103rbat, de 41 de ani, din comuna Dobrin, sat Doba, cu privire la faptul c\u0103 o persoana cunoscut\u0103 reclamantului a p\u0103truns, f\u0103r\u0103 drept, \u00een locuin\u0163a sa, de unde a luat-o pe fiica acestuia, de 15 ani, pe care ar fi urcat-o \u00eentr-un autoturism, plec\u00e2nd \u00eentr-o direc\u0163ie necunoscut\u0103\u201d, a transmis, miercuri, IPJ S\u0103laj.<\/p>\n<p>Au fost demarate verific\u0103ri ample.<\/p>\n<p>\u201d\u00cen urma unei ac\u0163iuni desf\u0103\u015furate \u00een comun de poli\u0163i\u015ftii din cadrul Inspectoratului de Poli\u0163ie Jude\u0163ean S\u0103laj, \u00eempreun\u0103 cu poli\u0163i\u015ftii din cadrul Inspectoratului de Poli\u0163ie Jude\u0163ean Cluj, \u00een jurul orei 09.10, at\u00e2t minora, c\u00e2t \u015fi to\u0163i participan\u0163ii la s\u0103v\u00e2r\u015firea faptei reclamate, au fost depista\u0163i \u00een jude\u0163ul Cluj\u201d, a mai transmis sursa citat\u0103.<\/p>\n<p>Cercet\u0103rile sunt continuate \u00een cadrul unui dosar penal \u00eentocmit sub aspectul s\u0103v\u00e2r\u015firii infrac\u0163iunii de lipsire de libertate \u00een mod ilegal.<\/p>","protected":false},"excerpt":{"rendered":"<p>\u201dLa data de 29 ianuarie a.c., \u00een jurul orei 00:15, poli\u0163i\u015ftii din cadrul Poli\u0163iei municipiului&hellip;<\/p>\n","protected":false},"author":0,"featured_media":27437,"comment_status":"open","ping_status":"open","sticky":false,"template":"","format":"standard","meta":{"footnotes":""},"categories":[2],"tags":[],"class_list":["post-27436","post","type-post","status-publish","format-standard","has-post-thumbnail","hentry","category-actual"],"_links":{"self":[{"href":"https:\/\/247stiri.ro\/index.php\/wp-json\/wp\/v2\/posts\/27436","targetHints":{"allow":["GET"]}}],"collection":[{"href":"https:\/\/247stiri.ro\/index.php\/wp-json\/wp\/v2\/posts"}],"about":[{"href":"https:\/\/247stiri.ro\/index.php\/wp-json\/wp\/v2\/types\/post"}],"replies":[{"embeddable":true,"href":"https:\/\/247stiri.ro\/index.php\/wp-json\/wp\/v2\/comments?post=27436"}],"version-history":[{"count":0,"href":"https:\/\/247stiri.ro\/index.php\/wp-json\/wp\/v2\/posts\/27436\/revisions"}],"wp:featuredmedia":[{"embeddable":true,"href":"https:\/\/247stiri.ro\/index.php\/wp-json\/wp\/v2\/media\/27437"}],"wp:attachment":[{"href":"https:\/\/247stiri.ro\/index.php\/wp-json\/wp\/v2\/media?parent=27436"}],"wp:term":[{"taxonomy":"category","embeddable":true,"href":"https:\/\/247stiri.ro\/index.php\/wp-json\/wp\/v2\/categories?post=27436"},{"taxonomy":"post_tag","embeddable":true,"href":"https:\/\/247stiri.ro\/index.php\/wp-json\/wp\/v2\/tags?post=27436"}],"curies":[{"name":"wp","href":"https:\/\/api.w.org\/{rel}","templated":true}]}}