{"id":27438,"date":"2025-01-29T08:50:03","date_gmt":"2025-01-29T08:50:03","guid":{"rendered":"https:\/\/247stiri.ro\/index.php\/2025\/01\/29\/cine-este-ernest-oberlander-tarnoveanu-primul-cap-cazut-in-scandalul-tezaurului-furat\/"},"modified":"2025-01-29T08:50:03","modified_gmt":"2025-01-29T08:50:03","slug":"cine-este-ernest-oberlander-tarnoveanu-primul-cap-cazut-in-scandalul-tezaurului-furat","status":"publish","type":"post","link":"https:\/\/247stiri.ro\/index.php\/2025\/01\/29\/cine-este-ernest-oberlander-tarnoveanu-primul-cap-cazut-in-scandalul-tezaurului-furat\/","title":{"rendered":"Cine este Ernest Oberl\u00e4nder-T\u00e2rnoveanu, primul cap c\u0103zut \u00een scandalul tezaurului furat"},"content":{"rendered":"<p>Muzeograf rom\u00e2n de origine german\u0103, Ernest Oberl\u00e4nder-T\u00e2rnoveanu s-a n\u0103scut la 1 ianuarie 1951 \u00een Bucure\u0219ti, Rom\u00e2nia.<\/p>\n<p>A absolvit \u0219coala (\u00een 1966) \u0219i liceul (\u00een 1970) din \u0218tei, Bihor. \u00cen 1974 a absolvit Facultatea de Istorie a Universit\u0103\u021bii din Bucure\u0219ti. Din 1991 este membru al Societ\u0103\u021bii Rom\u00e2ne de Studii Bizantine.<\/p>\n<p>\u00cen perioada 25 septembrie 1998 &#8211; 7 iulie 1999 Oberl\u00e4nder-T\u00e2rnoveanu a fost director al Direc\u021biei Muzee \u0219i Colec\u021bii a Ministerul Culturii, potrivit Wikipedia.<\/p>\n<p>A fost \u0219eful Cabinetului Numismatic \u0219i Tezaur Istoric din cadrul Muzeului Na\u021bional de Istorie a Rom\u00e2niei, din aceast\u0103 pozi\u021bie a semnat, la 6 martie 2008, actul de primire a 12 monede istorice de aur de la partea rus\u0103 \u0219i a certificat c\u0103 \u201etoate monedele prezentate sunt autentice\u201d.<\/p>\n<p>De la 1 iulie 2010 Oberl\u00e4nder-T\u00e2rnoveanu este director-general al Muzeului Na\u021bional de Istorie a Rom\u00e2niei. \u00cen 2012 a primit distinc\u021bia Crucea Ordinului Isabela Catolica.<\/p>\n<p>Potrivit paginii oficiale a Ordinullui Arhitectilor din Romania, \u00een martie 2000 a devenit Doctor \u00een istorie cu teza: Rela\u0163iile daco-romanilor \u015fi popula\u0163iei rom\u00e2ne\u015fti cu lumea sud &#8211; est european\u0103 \u00een secolele IV &#8211; XIV. Privire special\u0103 asupra spa\u0163iului de la Est \u015fi Sud de Carpa\u0163i (conduc\u0103tori \u015ftiin\u0163ifici acad. Emil Condurachi \u015fi acad. \u015etefan \u015etef\u0103nescu).<\/p>\n<p>Competen\u0163e profesionale:<\/p>\n<p>&#8211; specializare \u00een numismatic\u0103 antic\u0103 \u015fi medieval\u0103 rom\u00e2neasc\u0103 \u015fi sud-est european\u0103 &#8211; Specializare \u00een arheologie romano-bizantin\u0103;- specializare \u00een istoria economic\u0103 \u015fi social\u0103 medieval\u0103, cu predilec\u0163ie asupra raporturilor dintre Occident \u015fi popula\u0163iile din bazinul M\u0103rii Negre \u00een secolele XIII-XV;- specializare \u00een studiul tehnologiilor metalurgice antice \u015fi medievale, precum \u015fi a circuitului materiilor prime \u00een preistorie \u015fi epocile antic\u0103 \u015fi medieval\u0103;- preocup\u0103ri \u00een domeniul managementului patrimoniului cultural mobil.<\/p>\n<p><a href=\"https:\/\/www.realitatea.net\/stiri\/politica\/ciolacu-confirma-ca-nu-a-existat-o-hotarare-de-guvern-pentru-scoaterea-obiectelor-dacice-din-tara-vom-afla-toate-detaliile_67976acc54a1de1746456182\" target=\"_blank\">Tezaurul dacic a fost scos ILEGAL din \u021bar\u0103! Marcel Ciolacu a confirmat: NU a existat o hot\u0103r\u00e2re de guvern!<\/a><\/p>\n<p>\u00centr-o postare pe pagina de Facebook a Muzeului Na\u021bional de Istorie a Rom\u00e2niei, T\u00e2rnoveanu spune c\u0103 nu i s-a indicat nicio \u00eenc\u0103lcare a legii.<\/p>\n<p>\u201eAv\u00e2nd \u00een vedere c\u0103 ast\u0103zi, 28 ianuarie, mi s-a solicitat demisia de onoare de c\u0103tre doamna Natalia Intotero, Ministrul Culturii, \u021bin s\u0103 fac precizarea c\u0103 nu mi s-a indicat nicio \u00eenc\u0103lcare a legii sau a normelor aplicabile, g\u0103sindu-se false pretexte pentru a demisiona, \u00eencerc\u00e2ndu-se intimidarea mea prin diverse mijloace. Doresc s\u0103 le mul\u021bumesc tuturor colegilor \u0219i profesionali\u0219tilor din domeniul culturii care \u0219i-au ar\u0103tat solidaritatea fa\u021b\u0103 de institu\u021bie \u00een aceste momente extrem de dificile.De asemenea, le mul\u021bumesc \u00een mod deosebit, colegilor mei din Muzeul Na\u021bional de Istorie a Rom\u00e2niei pentru profesionalismul \u0219i devotamentul dovedite de-a lungul timpului \u0219i, \u00een special, \u00een aceast\u0103 perioad\u0103 de criz\u0103\u201d, a scrie T\u00e2rnoveanu.\u00a0<\/p>\n<p>\u00a0<\/p>\n<p>\u00a0<\/p>","protected":false},"excerpt":{"rendered":"<p>Muzeograf rom\u00e2n de origine german\u0103, Ernest Oberl\u00e4nder-T\u00e2rnoveanu s-a n\u0103scut la 1 ianuarie 1951 \u00een Bucure\u0219ti,&hellip;<\/p>\n","protected":false},"author":0,"featured_media":27439,"comment_status":"open","ping_status":"open","sticky":false,"template":"","format":"standard","meta":{"footnotes":""},"categories":[2],"tags":[],"class_list":["post-27438","post","type-post","status-publish","format-standard","has-post-thumbnail","hentry","category-actual"],"_links":{"self":[{"href":"https:\/\/247stiri.ro\/index.php\/wp-json\/wp\/v2\/posts\/27438","targetHints":{"allow":["GET"]}}],"collection":[{"href":"https:\/\/247stiri.ro\/index.php\/wp-json\/wp\/v2\/posts"}],"about":[{"href":"https:\/\/247stiri.ro\/index.php\/wp-json\/wp\/v2\/types\/post"}],"replies":[{"embeddable":true,"href":"https:\/\/247stiri.ro\/index.php\/wp-json\/wp\/v2\/comments?post=27438"}],"version-history":[{"count":0,"href":"https:\/\/247stiri.ro\/index.php\/wp-json\/wp\/v2\/posts\/27438\/revisions"}],"wp:featuredmedia":[{"embeddable":true,"href":"https:\/\/247stiri.ro\/index.php\/wp-json\/wp\/v2\/media\/27439"}],"wp:attachment":[{"href":"https:\/\/247stiri.ro\/index.php\/wp-json\/wp\/v2\/media?parent=27438"}],"wp:term":[{"taxonomy":"category","embeddable":true,"href":"https:\/\/247stiri.ro\/index.php\/wp-json\/wp\/v2\/categories?post=27438"},{"taxonomy":"post_tag","embeddable":true,"href":"https:\/\/247stiri.ro\/index.php\/wp-json\/wp\/v2\/tags?post=27438"}],"curies":[{"name":"wp","href":"https:\/\/api.w.org\/{rel}","templated":true}]}}