{"id":27444,"date":"2025-01-29T09:44:48","date_gmt":"2025-01-29T09:44:48","guid":{"rendered":"https:\/\/247stiri.ro\/index.php\/2025\/01\/29\/intalnire-cruciala-intre-elena-lasconi-si-nicusor-dan-ce-subiecte-vor-aborda-cei-doi-politicieni\/"},"modified":"2025-01-29T09:44:48","modified_gmt":"2025-01-29T09:44:48","slug":"intalnire-cruciala-intre-elena-lasconi-si-nicusor-dan-ce-subiecte-vor-aborda-cei-doi-politicieni","status":"publish","type":"post","link":"https:\/\/247stiri.ro\/index.php\/2025\/01\/29\/intalnire-cruciala-intre-elena-lasconi-si-nicusor-dan-ce-subiecte-vor-aborda-cei-doi-politicieni\/","title":{"rendered":"\u00cent\u00e2lnire crucial\u0103 \u00eentre Elena Lasconi \u0219i Nicu\u0219or Dan. Ce SUBIECTE vor aborda cei doi politicieni"},"content":{"rendered":"<p>Nicu\u0219or Dan nu renun\u021b\u0103 la candidatur\u0103 \u0219i spune c\u0103 va \u00eencepe campania electoral\u0103 c\u00e2t de cur\u00e2nd.\u00a0<\/p>\n<p>Pe de alt\u0103 parte nici Elena Lasconi nu ren\u021b\u0103 la lupta pentru Palatul Cotroceni, asta de\u0219i ultimele sondaje arat\u0103 c\u0103 de aceast\u0103 dat\u0103 liderul USR ar ob\u021bine doar 7%.\u00a0<\/p>\n<p>Edilul Capitalei va discuta cu pre\u0219edinta USR despre alegerile preziden\u021biale, dar \u0219i despre alte teme importante, cum ar fi referendumul de pe data de 24 noiembrie, care acum trebuie s\u0103 treac\u0103 \u0219i de procesul legislativ din Parlament.<\/p>\n<p>\u00cen ceea ce o prive\u0219te pe Elena Lasconi, Nicu\u0219or Dan a spus c\u0103 decizia de a candida \u00eei apar\u021bie at\u00e2t ei, c\u00e2t \u0219i partidului. Edilul a precizat, de asemenea, c\u0103 \u00een aceast\u0103 perioad\u0103 va merge la \u00eent\u00e2lniri cu mai mul\u021bi oameni importan\u021bi, dar a refuzat s\u0103 spun\u0103 cu cine.\u00a0<\/p>\n<p>Nicu\u0219or Dan a me\u021bionat, totodat\u0103, c\u0103 indiferent de decizia USR, el va continua s\u0103 colaboreze cu partidul \u00een Consiliul General.\u00a0<\/p>","protected":false},"excerpt":{"rendered":"<p>Nicu\u0219or Dan nu renun\u021b\u0103 la candidatur\u0103 \u0219i spune c\u0103 va \u00eencepe campania electoral\u0103 c\u00e2t de&hellip;<\/p>\n","protected":false},"author":0,"featured_media":27445,"comment_status":"open","ping_status":"open","sticky":false,"template":"","format":"standard","meta":{"footnotes":""},"categories":[3],"tags":[],"class_list":["post-27444","post","type-post","status-publish","format-standard","has-post-thumbnail","hentry","category-politica"],"_links":{"self":[{"href":"https:\/\/247stiri.ro\/index.php\/wp-json\/wp\/v2\/posts\/27444","targetHints":{"allow":["GET"]}}],"collection":[{"href":"https:\/\/247stiri.ro\/index.php\/wp-json\/wp\/v2\/posts"}],"about":[{"href":"https:\/\/247stiri.ro\/index.php\/wp-json\/wp\/v2\/types\/post"}],"replies":[{"embeddable":true,"href":"https:\/\/247stiri.ro\/index.php\/wp-json\/wp\/v2\/comments?post=27444"}],"version-history":[{"count":0,"href":"https:\/\/247stiri.ro\/index.php\/wp-json\/wp\/v2\/posts\/27444\/revisions"}],"wp:featuredmedia":[{"embeddable":true,"href":"https:\/\/247stiri.ro\/index.php\/wp-json\/wp\/v2\/media\/27445"}],"wp:attachment":[{"href":"https:\/\/247stiri.ro\/index.php\/wp-json\/wp\/v2\/media?parent=27444"}],"wp:term":[{"taxonomy":"category","embeddable":true,"href":"https:\/\/247stiri.ro\/index.php\/wp-json\/wp\/v2\/categories?post=27444"},{"taxonomy":"post_tag","embeddable":true,"href":"https:\/\/247stiri.ro\/index.php\/wp-json\/wp\/v2\/tags?post=27444"}],"curies":[{"name":"wp","href":"https:\/\/api.w.org\/{rel}","templated":true}]}}