{"id":27446,"date":"2025-01-29T09:44:49","date_gmt":"2025-01-29T09:44:49","guid":{"rendered":"https:\/\/247stiri.ro\/index.php\/2025\/01\/29\/fost-sef-sri-virgil-magureanu-urmarit-penal-in-dosarul-mineriadei-faptele-de-care-este-acuzat\/"},"modified":"2025-01-29T09:44:49","modified_gmt":"2025-01-29T09:44:49","slug":"fost-sef-sri-virgil-magureanu-urmarit-penal-in-dosarul-mineriadei-faptele-de-care-este-acuzat","status":"publish","type":"post","link":"https:\/\/247stiri.ro\/index.php\/2025\/01\/29\/fost-sef-sri-virgil-magureanu-urmarit-penal-in-dosarul-mineriadei-faptele-de-care-este-acuzat\/","title":{"rendered":"Fost \u0219ef SRI, Virgil M\u0103gureanu, urm\u0103rit penal \u00een Dosarul Mineriadei. Faptele de care este acuzat"},"content":{"rendered":"<p>&#8222;\u00cen continuarea comunicatelor de pres\u0103 de publicate pe 15 ianuarie 2025, 16 ianuarie 2025, 17 ianuarie 2025 \u0219i 23 ianuarie 2025, inform\u0103m c\u0103 \u00een cauza denumit\u0103 generic \u201dMineriada din 13-15 iunie 1990\u201d, procurorul de caz din cadrul Sec\u021biei parchetelor militare a Parchetului de pe l\u00e2ng\u0103 \u00cenalta Curte de Casa\u0163ie \u015fi Justi\u0163ie a dispus \u00een cursul zilei de ast\u0103zi punerea \u00een mi\u0219care a ac\u021biunii penale fa\u021b\u0103 de inculpatul M\u0103gureanu Virgil, la data faptelor director al Serviciului Rom\u00e2n de Informa\u021bii, sub aspectul s\u0103v\u00e2r\u0219irii de infrac\u021biuni contra umanit\u0103\u021bii, \u00een variantele normative prev. de art. 439 alin. 1 lit. a) (4 subiec\u021bi pasivi secundari), lit. f) (2 subiec\u021bi pasivi secundari), lit. g) (1311 subiec\u021bi pasivi secundari), lit. j) (1211 subiec\u021bi pasivi secundari) Cod penal, cu aplic. art. 5 Cod penal&#8221;, se arat\u0103 \u00een comunicatul citat.<\/p>\n<p>Procurorii precizeaz\u0103, ca \u015fi \u00een cazul celorlalte persoane urm\u0103rite penal \u00een dosar, c\u0103 starea de fapt re\u021binut\u0103 \u0219i \u00eencadrarea juridic\u0103 a faptelor au la baz\u0103 exclusiv probatoriul administrat dup\u0103 data de 04.06.2021, dat\u0103 la care cauza a fost restituit\u0103 la parchet, ca urmare a parcurgerii procedurii de camer\u0103 preliminar\u0103, \u00een urma c\u0103reia au fost anulate toate probele administrate anterior anului 2017 \u0219i s-a constatat nulitatea actelor de urm\u0103rire anterior efectuate.<\/p>\n<p>&#8222;Preciz\u0103m c\u0103 m\u0103surile dispuse reprezint\u0103 o etap\u0103 a procesului penal, conform Codului de procedur\u0103 penal\u0103, care nu \u00eenfr\u00e2ng \u00een niciun fel principiul prezum\u0163iei de nevinov\u0103\u0163ie&#8221;, mai arat\u0103 sursa citat\u0103.<\/p>","protected":false},"excerpt":{"rendered":"<p>&#8222;\u00cen continuarea comunicatelor de pres\u0103 de publicate pe 15 ianuarie 2025, 16 ianuarie 2025, 17&hellip;<\/p>\n","protected":false},"author":0,"featured_media":27447,"comment_status":"open","ping_status":"open","sticky":false,"template":"","format":"standard","meta":{"footnotes":""},"categories":[2],"tags":[],"class_list":["post-27446","post","type-post","status-publish","format-standard","has-post-thumbnail","hentry","category-actual"],"_links":{"self":[{"href":"https:\/\/247stiri.ro\/index.php\/wp-json\/wp\/v2\/posts\/27446","targetHints":{"allow":["GET"]}}],"collection":[{"href":"https:\/\/247stiri.ro\/index.php\/wp-json\/wp\/v2\/posts"}],"about":[{"href":"https:\/\/247stiri.ro\/index.php\/wp-json\/wp\/v2\/types\/post"}],"replies":[{"embeddable":true,"href":"https:\/\/247stiri.ro\/index.php\/wp-json\/wp\/v2\/comments?post=27446"}],"version-history":[{"count":0,"href":"https:\/\/247stiri.ro\/index.php\/wp-json\/wp\/v2\/posts\/27446\/revisions"}],"wp:featuredmedia":[{"embeddable":true,"href":"https:\/\/247stiri.ro\/index.php\/wp-json\/wp\/v2\/media\/27447"}],"wp:attachment":[{"href":"https:\/\/247stiri.ro\/index.php\/wp-json\/wp\/v2\/media?parent=27446"}],"wp:term":[{"taxonomy":"category","embeddable":true,"href":"https:\/\/247stiri.ro\/index.php\/wp-json\/wp\/v2\/categories?post=27446"},{"taxonomy":"post_tag","embeddable":true,"href":"https:\/\/247stiri.ro\/index.php\/wp-json\/wp\/v2\/tags?post=27446"}],"curies":[{"name":"wp","href":"https:\/\/api.w.org\/{rel}","templated":true}]}}