{"id":27451,"date":"2025-01-29T09:44:51","date_gmt":"2025-01-29T09:44:51","guid":{"rendered":"https:\/\/247stiri.ro\/index.php\/2025\/01\/29\/protest-extrem-un-barbat-s-a-urcat-pe-cladirea-universitatii-din-bucuresti\/"},"modified":"2025-01-29T09:44:51","modified_gmt":"2025-01-29T09:44:51","slug":"protest-extrem-un-barbat-s-a-urcat-pe-cladirea-universitatii-din-bucuresti","status":"publish","type":"post","link":"https:\/\/247stiri.ro\/index.php\/2025\/01\/29\/protest-extrem-un-barbat-s-a-urcat-pe-cladirea-universitatii-din-bucuresti\/","title":{"rendered":"Protest EXTREM, un b\u0103rbat s-a urcat pe cl\u0103direa Universit\u0103\u021bii din Bucure\u0219ti"},"content":{"rendered":"<p>Este vorba despre stegarul dac care este pe Facultatea de Geografie de la Universitate. Se afl\u0103 de c\u00e2teva ore bune sus. A spus mai devreme pe Facebook c\u0103 declar\u0103 greva foamei \u00eencep\u00e2nd de ast\u0103zi. Nemul\u021bumirea lui principal\u0103 este cea legat\u0103 de anularea alegerilor preziden\u021biale. Acesta spune c\u0103 a fost un atac asupra rom\u00e2nilor. Stegarul a fost prezent la toate protestele \u0219i manifesta\u021biile \u0219i continu\u0103 s\u0103 strige de acolo reluarea turului 2 al alegerilor preziden\u021biale, spun\u00e2nd c\u0103 dreptul rom\u00e2nilor de a-\u0219i alege pre\u0219edintele a fost \u00eenc\u0103lcat.<\/p>\n<p>La fa\u021ba locului sunt mai multe echipaje de poli\u021bie \u0219i de pompieri. \u00cen acest moment se afl\u0103 \u0219i o echip\u0103 de negociatori pe cl\u0103dire care \u00eencearc\u0103 s\u0103 \u00eel conving\u0103 s\u0103 coboare.<\/p>\n<p>Stegarul dac se plimb\u0103 pe aceste schele ale Universit\u0103\u021bii care se afl\u0103 \u00een renovare, fiind un loc foarte periculos. Acesta nu va cobor\u00ee de pe acoperi\u0219ul institu\u021biei, pentru c\u0103 sus\u021bine c\u0103 lumea trebuie s\u0103 fie con\u0219tient\u0103 de ceea ce se \u00eent\u00e2mpl\u0103 \u00een acest moment \u0219i \u00eei \u00eendeamn\u0103 pe rom\u00e2ni \u00een postarea de pe Facebook ca to\u021bi rom\u00e2nii s\u0103 aib\u0103 un cuv\u00e2nt de zis cu privire la anularea alegerilor preziden\u021biale.<\/p>","protected":false},"excerpt":{"rendered":"<p>Este vorba despre stegarul dac care este pe Facultatea de Geografie de la Universitate. Se&hellip;<\/p>\n","protected":false},"author":0,"featured_media":27452,"comment_status":"open","ping_status":"open","sticky":false,"template":"","format":"standard","meta":{"footnotes":""},"categories":[2],"tags":[],"class_list":["post-27451","post","type-post","status-publish","format-standard","has-post-thumbnail","hentry","category-actual"],"_links":{"self":[{"href":"https:\/\/247stiri.ro\/index.php\/wp-json\/wp\/v2\/posts\/27451","targetHints":{"allow":["GET"]}}],"collection":[{"href":"https:\/\/247stiri.ro\/index.php\/wp-json\/wp\/v2\/posts"}],"about":[{"href":"https:\/\/247stiri.ro\/index.php\/wp-json\/wp\/v2\/types\/post"}],"replies":[{"embeddable":true,"href":"https:\/\/247stiri.ro\/index.php\/wp-json\/wp\/v2\/comments?post=27451"}],"version-history":[{"count":0,"href":"https:\/\/247stiri.ro\/index.php\/wp-json\/wp\/v2\/posts\/27451\/revisions"}],"wp:featuredmedia":[{"embeddable":true,"href":"https:\/\/247stiri.ro\/index.php\/wp-json\/wp\/v2\/media\/27452"}],"wp:attachment":[{"href":"https:\/\/247stiri.ro\/index.php\/wp-json\/wp\/v2\/media?parent=27451"}],"wp:term":[{"taxonomy":"category","embeddable":true,"href":"https:\/\/247stiri.ro\/index.php\/wp-json\/wp\/v2\/categories?post=27451"},{"taxonomy":"post_tag","embeddable":true,"href":"https:\/\/247stiri.ro\/index.php\/wp-json\/wp\/v2\/tags?post=27451"}],"curies":[{"name":"wp","href":"https:\/\/api.w.org\/{rel}","templated":true}]}}