{"id":27468,"date":"2025-01-29T10:44:49","date_gmt":"2025-01-29T10:44:49","guid":{"rendered":"https:\/\/247stiri.ro\/index.php\/2025\/01\/29\/george-simion-discurs-la-bruxelles-sistemul-corupt-din-romania-refuza-sa-recunoasca-tranzitia-democratica-a-puterii\/"},"modified":"2025-01-29T10:44:49","modified_gmt":"2025-01-29T10:44:49","slug":"george-simion-discurs-la-bruxelles-sistemul-corupt-din-romania-refuza-sa-recunoasca-tranzitia-democratica-a-puterii","status":"publish","type":"post","link":"https:\/\/247stiri.ro\/index.php\/2025\/01\/29\/george-simion-discurs-la-bruxelles-sistemul-corupt-din-romania-refuza-sa-recunoasca-tranzitia-democratica-a-puterii\/","title":{"rendered":"George Simion, discurs la Bruxelles: Sistemul corupt din Rom\u00e2nia refuz\u0103 s\u0103 recunoasc\u0103 tranzi\u021bia democratic\u0103 a puterii"},"content":{"rendered":"<p>&#8222;Ast\u0103zi este prezent aici pre\u0219edintele Comisiei PETI, care a vorbit la conferin\u021ba organizat\u0103 de grupul ECR despre importan\u021ba europarlamentarilor, semnifica\u021bia grupului ECR \u0219i necesitatea unirii for\u021belor suveraniste \u0219i patriotice.\u00a0\u00cen aceast\u0103 diminea\u021b\u0103, am vorbit cu prietenii no\u0219tri din Partidul Conservator Britanic, inclusiv cu Ian, care a eviden\u021biat progresele semnificative realizate \u00een Consiliul European \u00een crearea unui grup unificat \u0219i puternic, al\u0103turi de for\u021bele suveraniste din Fran\u021ba, Ungaria, Austria \u0219i alte \u021b\u0103ri. \u00cen acest moment, suntem aproape de a deveni prima for\u021b\u0103 din Consiliul European.\u00a0Cred c\u0103 aceasta este calea de urmat pentru mi\u0219carea noastr\u0103 conservatoare: s\u0103 ne unim. Avem o vorb\u0103 \u00een Rom\u00e2nia: &#8222;Unirea face puterea&#8221;. Trebuie s\u0103 ne str\u00e2ngem sub acelea\u0219i valori\u2014valorile mi\u0219c\u0103rii pre\u0219edintelui Trump, MAGA. Dup\u0103 cum \u0219ti\u021bi, aceasta a fost o mi\u0219care contestat\u0103 ini\u021bial \u00een Partidul Republican, iar mul\u021bi din establishment, inclusiv aripa RINO, au \u00eencercat s\u0103 o distrug\u0103 dup\u0103 alegerile din 2020 \u0219i mitingul din 6 ianuarie 2021.<\/p>\n<p>Victoria MAGA este un exemplu pentru noi, \u00een Europa, pentru toate partidele conservatoare. Sunt deosebit de \u00eenc\u00e2ntat s\u0103 v\u0103d c\u0103 al\u021bi europarlamentari \u0219i reprezentan\u021bi ai partidelor europene, precum Chega \u0219i Andr\u00e9 Ventura, sunt al\u0103turi de noi ast\u0103zi. \u00cen cadrul partidului ECR, avem o istorie puternic\u0103 \u0219i sunt m\u00e2ndru, al\u0103turi de Marion Mar\u00e9chal \u0219i Carlo Fidanza, s\u0103 fiu vicepre\u0219edinte al partidului ECR.\u00a0Sunt convins c\u0103 dezbaterile de ast\u0103zi ne vor ajuta s\u0103 tragem concluzii importante despre situa\u021bia actual\u0103, dar \u00een viitoarele discu\u021bii, \u00eempreun\u0103 cu to\u021bi cei prezen\u021bi aici, trebuie s\u0103 elabor\u0103m o strategie pentru a r\u0103spunde valului trumpist care va m\u0103tura Europa \u00een acest an. O propunere este s\u0103 urm\u0103m exemplul aplicat \u00een Consiliul Europei.<\/p>\n<p>Care sunt valorile care ne unesc? L-am auzit pe pre\u0219edintele Ordo Iuris vorbind despre importan\u021ba mo\u0219tenirii iudeo-cre\u0219tine a Europei. Mul\u021bi dintre voi a\u021bi vorbit despre libertate, \u0219i v\u0103 pot spune c\u00e2t de mult ne dorim acest lucru \u00een Rom\u00e2nia, unde nu avem alegeri libere, unde acela\u0219i sistem corupt \u0219i aceia\u0219i politicieni corup\u021bi refuz\u0103 s\u0103 recunoasc\u0103 tranzi\u021bia democratic\u0103 a puterii. De aceea, trebuie s\u0103 ne unim pentru libertate\u2014libertatea de exprimare, libertatea alegerilor \u0219i libertatea de a ne decide propriul destin.\u00a0Eu cred \u00eentr-o Europ\u0103 unit\u0103 \u0219i puternic\u0103, dar nu \u00eentr-o Europ\u0103 condus\u0103 de birocra\u021bi f\u0103r\u0103 chip, f\u0103r\u0103 identitate. Trebuie s\u0103 ne unim for\u021bele, urm\u00e2nd modelul propus la inaugurarea pre\u0219edintelui Trump la Washington, de c\u0103tre pre\u0219edintele partidului ECR \u0219i liderul meu, Mateusz Morawiecki, care a spus clar c\u0103 tot ce ne dorim este bunul sim\u021b.\u00a0A fost o adev\u0103rat\u0103 pl\u0103cere s\u0103 discut cu directorul FranceSoir, cu Xavier, care are un ONG \u0219i o funda\u021bie numit\u0103 BonSens. Marion Mar\u00e9chal a vorbit ieri despre demografie \u0219i valorile care trebuie s\u0103 ne uneasc\u0103. \u0218i nu v\u0103d alt principiu fundamental sau slogan care s\u0103 defineasc\u0103 mai bine cauza noastr\u0103 dec\u00e2t &#8222;bunul sim\u021b&#8221;. Asta ne dorim cu to\u021bii\u2014acesta este firul comun care ne leag\u0103. Iar dup\u0103 ce l-am ascultat pe pre\u0219edintele Parlamentului din Paraguay, sunt \u0219i mai convins c\u0103 to\u021bi g\u00e2ndim la fel.\u00a0Propunerea mea este simpl\u0103: trebuie s\u0103 ne adun\u0103m \u00een jurul liderilor no\u0219tri. Ast\u0103zi, avem onoarea de a-l primi pe un mare senator din Canada, avem un vorbitor chiar \u0219i din India. \u00cen \u00eentreaga lume liber\u0103, trebuie s\u0103 st\u0103m uni\u021bi sub acela\u0219i steag, al\u0103turi de liderii no\u0219tri. Iar acum, am marea onoare de a vi-l prezenta pe pre\u0219edintele partidului ECR, Mateusz Morawiecki&#8221;, a spus George Simion, \u00een discursul s\u0103u.<\/p>","protected":false},"excerpt":{"rendered":"<p>&#8222;Ast\u0103zi este prezent aici pre\u0219edintele Comisiei PETI, care a vorbit la conferin\u021ba organizat\u0103 de grupul&hellip;<\/p>\n","protected":false},"author":0,"featured_media":27469,"comment_status":"open","ping_status":"open","sticky":false,"template":"","format":"standard","meta":{"footnotes":""},"categories":[3],"tags":[],"class_list":["post-27468","post","type-post","status-publish","format-standard","has-post-thumbnail","hentry","category-politica"],"_links":{"self":[{"href":"https:\/\/247stiri.ro\/index.php\/wp-json\/wp\/v2\/posts\/27468","targetHints":{"allow":["GET"]}}],"collection":[{"href":"https:\/\/247stiri.ro\/index.php\/wp-json\/wp\/v2\/posts"}],"about":[{"href":"https:\/\/247stiri.ro\/index.php\/wp-json\/wp\/v2\/types\/post"}],"replies":[{"embeddable":true,"href":"https:\/\/247stiri.ro\/index.php\/wp-json\/wp\/v2\/comments?post=27468"}],"version-history":[{"count":0,"href":"https:\/\/247stiri.ro\/index.php\/wp-json\/wp\/v2\/posts\/27468\/revisions"}],"wp:featuredmedia":[{"embeddable":true,"href":"https:\/\/247stiri.ro\/index.php\/wp-json\/wp\/v2\/media\/27469"}],"wp:attachment":[{"href":"https:\/\/247stiri.ro\/index.php\/wp-json\/wp\/v2\/media?parent=27468"}],"wp:term":[{"taxonomy":"category","embeddable":true,"href":"https:\/\/247stiri.ro\/index.php\/wp-json\/wp\/v2\/categories?post=27468"},{"taxonomy":"post_tag","embeddable":true,"href":"https:\/\/247stiri.ro\/index.php\/wp-json\/wp\/v2\/tags?post=27468"}],"curies":[{"name":"wp","href":"https:\/\/api.w.org\/{rel}","templated":true}]}}