{"id":27471,"date":"2025-01-29T10:44:51","date_gmt":"2025-01-29T10:44:51","guid":{"rendered":"https:\/\/247stiri.ro\/index.php\/2025\/01\/29\/doi-barbati-retinuti-in-dosarul-politistilor-agresati-din-sintesti-o-a-treia-persoana-este-cautata-in-continuare\/"},"modified":"2025-01-29T10:44:51","modified_gmt":"2025-01-29T10:44:51","slug":"doi-barbati-retinuti-in-dosarul-politistilor-agresati-din-sintesti-o-a-treia-persoana-este-cautata-in-continuare","status":"publish","type":"post","link":"https:\/\/247stiri.ro\/index.php\/2025\/01\/29\/doi-barbati-retinuti-in-dosarul-politistilor-agresati-din-sintesti-o-a-treia-persoana-este-cautata-in-continuare\/","title":{"rendered":"Doi b\u0103rba\u0163i, re\u021binu\u021bi \u00een dosarul poli\u021bi\u0219tilor agresa\u021bi din Sinte\u0219ti. O a treia persoan\u0103 este c\u0103utat\u0103 \u00een continuare"},"content":{"rendered":"<p>\u201dLa data de 29 ianuarie a.c., procurorul din cadrul Parchetul de pe l\u00e2ng\u0103 Judec\u0103toria Cornetu a dispus m\u0103sura re\u0163inerii, pentru 24 de ore, fa\u0163\u0103 de doi b\u0103rba\u0163i, \u00een v\u00e2rst\u0103 de 32 de ani, respectiv 61 de ani, pentru s\u0103v\u00e2r\u015firea infrac\u0163iunii de ultraj, urm\u00e2nd ca, \u00een cursul zilei de ast\u0103zi, fa\u0163\u0103 de persoanele \u00een cauz\u0103, procurorul de caz s\u0103 propun\u0103 c\u0103tre instan\u0163a competent\u0103 luarea m\u0103surilor legale\u201d, a transmis, miercuri, IPJ Ilfov.<\/p>\n<p>Pli\u0163i\u015ftii fac \u00een continuare cercet\u0103ri \u015fi verific\u0103ri, \u00een vederea depist\u0103rii conduc\u0103torului auto, care nu a oprit la semnalul poli\u0163i\u015ftilor.<\/p>\n<p>Doi poli\u0163i\u015fti au fost agresa\u0163i, mar\u0163i, \u00een Sinte\u015fti, jude\u0163ul Ilfov, de c\u0103tre mai multe persoane care ie\u015fiser\u0103 din curtea unui imobil. Agen\u0163ii opriser\u0103 un \u015fofer pentru control, iar acesta a fugit \u00een curtea casei respective. Unul dintre poli\u0163i\u015fti a fost transportat la spital.<\/p>","protected":false},"excerpt":{"rendered":"<p>\u201dLa data de 29 ianuarie a.c., procurorul din cadrul Parchetul de pe l\u00e2ng\u0103 Judec\u0103toria Cornetu&hellip;<\/p>\n","protected":false},"author":0,"featured_media":27472,"comment_status":"open","ping_status":"open","sticky":false,"template":"","format":"standard","meta":{"footnotes":""},"categories":[2],"tags":[],"class_list":["post-27471","post","type-post","status-publish","format-standard","has-post-thumbnail","hentry","category-actual"],"_links":{"self":[{"href":"https:\/\/247stiri.ro\/index.php\/wp-json\/wp\/v2\/posts\/27471","targetHints":{"allow":["GET"]}}],"collection":[{"href":"https:\/\/247stiri.ro\/index.php\/wp-json\/wp\/v2\/posts"}],"about":[{"href":"https:\/\/247stiri.ro\/index.php\/wp-json\/wp\/v2\/types\/post"}],"replies":[{"embeddable":true,"href":"https:\/\/247stiri.ro\/index.php\/wp-json\/wp\/v2\/comments?post=27471"}],"version-history":[{"count":0,"href":"https:\/\/247stiri.ro\/index.php\/wp-json\/wp\/v2\/posts\/27471\/revisions"}],"wp:featuredmedia":[{"embeddable":true,"href":"https:\/\/247stiri.ro\/index.php\/wp-json\/wp\/v2\/media\/27472"}],"wp:attachment":[{"href":"https:\/\/247stiri.ro\/index.php\/wp-json\/wp\/v2\/media?parent=27471"}],"wp:term":[{"taxonomy":"category","embeddable":true,"href":"https:\/\/247stiri.ro\/index.php\/wp-json\/wp\/v2\/categories?post=27471"},{"taxonomy":"post_tag","embeddable":true,"href":"https:\/\/247stiri.ro\/index.php\/wp-json\/wp\/v2\/tags?post=27471"}],"curies":[{"name":"wp","href":"https:\/\/api.w.org\/{rel}","templated":true}]}}