{"id":27473,"date":"2025-01-29T10:44:51","date_gmt":"2025-01-29T10:44:51","guid":{"rendered":"https:\/\/247stiri.ro\/index.php\/2025\/01\/29\/nou-pasaj-rutier-la-aparatorii-patriei-si-spatii-verzi-in-proximitatea-patinoarului-berceni-arena-foto\/"},"modified":"2025-01-29T10:44:51","modified_gmt":"2025-01-29T10:44:51","slug":"nou-pasaj-rutier-la-aparatorii-patriei-si-spatii-verzi-in-proximitatea-patinoarului-berceni-arena-foto","status":"publish","type":"post","link":"https:\/\/247stiri.ro\/index.php\/2025\/01\/29\/nou-pasaj-rutier-la-aparatorii-patriei-si-spatii-verzi-in-proximitatea-patinoarului-berceni-arena-foto\/","title":{"rendered":"Nou pasaj rutier la Ap\u0103r\u0103torii Patriei \u0219i spa\u021bii verzi \u00een proximitatea Patinoarului Berceni Arena &#8211; FOTO"},"content":{"rendered":"<p>\u00cen paralel cu lucr\u0103rile pentru noul pasaj suprateran de la Ap\u0103r\u0103torii Patriei, echipele de la Totul Verde vor amenaja spa\u021bii verzi \u00een zona adiacent\u0103 Patinoarului Berceni Arena, contribuind la crearea unui mediu urban mai prietenos \u0219i mai s\u0103n\u0103tos.<\/p>\n\n<p>Angaja\u021bii Totul Verde vor \u00eencepe amenajarea unor spa\u021bii verzi care vor include gazon, arbori ornamentali \u0219i plante decorative, astfel \u00eenc\u00e2t \u00eentreaga zon\u0103 s\u0103 capete un aspect proasp\u0103t \u0219i atractiv. Acest proiect se aliniaz\u0103 obiectivelor administra\u021biei locale de a \u00eenverzi Sectorul 4 \u0219i de a combate poluarea urban\u0103.<\/p>\n\n<p>\u201e\u00cen timp ce lucr\u0103rile de infrastructur\u0103 rutier\u0103 continu\u0103 s\u0103 avanseze, ne dorim s\u0103 oferim cet\u0103\u021benilor \u0219i un mediu mai verde, mai pl\u0103cut, \u00een care s\u0103 se simt\u0103 bine. Zona din jurul Patinoarului Berceni Arena va fi reamenajat\u0103, ad\u0103ug\u00e2ndu-se noi spa\u021bii verzi care vor completa proiectul pasajului rutier\u201d, au declarat reprezentan\u021bii administra\u021biei locale.<\/p>\n\n<p>Proiectul pasajului suprateran \u2013 o solu\u021bie modern\u0103 pentru traficNoul pasaj rutier de la Ap\u0103r\u0103torii Patriei reprezint\u0103 un pas important pentru fluidizarea traficului \u00een sudul Sectorului 4. Dup\u0103 \u00eencheierea lucr\u0103rilor de relocare a utilit\u0103\u021bilor, traficul va fi deviat pe benzi laterale special amenajate, permi\u021b\u00e2nd echipelor s\u0103 \u00eenceap\u0103 forarea \u0219i turnarea st\u00e2lpilor de sus\u021binere. Finalizarea acestui proiect va decongestiona traficul din zon\u0103, reduc\u00e2nd timpii de a\u0219teptare \u0219i contribuind la un aer mai curat.<\/p>","protected":false},"excerpt":{"rendered":"<p>\u00cen paralel cu lucr\u0103rile pentru noul pasaj suprateran de la Ap\u0103r\u0103torii Patriei, echipele de la&hellip;<\/p>\n","protected":false},"author":0,"featured_media":27474,"comment_status":"open","ping_status":"open","sticky":false,"template":"","format":"standard","meta":{"footnotes":""},"categories":[2],"tags":[],"class_list":["post-27473","post","type-post","status-publish","format-standard","has-post-thumbnail","hentry","category-actual"],"_links":{"self":[{"href":"https:\/\/247stiri.ro\/index.php\/wp-json\/wp\/v2\/posts\/27473","targetHints":{"allow":["GET"]}}],"collection":[{"href":"https:\/\/247stiri.ro\/index.php\/wp-json\/wp\/v2\/posts"}],"about":[{"href":"https:\/\/247stiri.ro\/index.php\/wp-json\/wp\/v2\/types\/post"}],"replies":[{"embeddable":true,"href":"https:\/\/247stiri.ro\/index.php\/wp-json\/wp\/v2\/comments?post=27473"}],"version-history":[{"count":0,"href":"https:\/\/247stiri.ro\/index.php\/wp-json\/wp\/v2\/posts\/27473\/revisions"}],"wp:featuredmedia":[{"embeddable":true,"href":"https:\/\/247stiri.ro\/index.php\/wp-json\/wp\/v2\/media\/27474"}],"wp:attachment":[{"href":"https:\/\/247stiri.ro\/index.php\/wp-json\/wp\/v2\/media?parent=27473"}],"wp:term":[{"taxonomy":"category","embeddable":true,"href":"https:\/\/247stiri.ro\/index.php\/wp-json\/wp\/v2\/categories?post=27473"},{"taxonomy":"post_tag","embeddable":true,"href":"https:\/\/247stiri.ro\/index.php\/wp-json\/wp\/v2\/tags?post=27473"}],"curies":[{"name":"wp","href":"https:\/\/api.w.org\/{rel}","templated":true}]}}