{"id":27492,"date":"2025-01-29T11:46:05","date_gmt":"2025-01-29T11:46:05","guid":{"rendered":"https:\/\/247stiri.ro\/index.php\/2025\/01\/29\/gabriela-firea-solicita-modificarea-legislatiei-europene-si-adoptarea-unor-masuri-urgente-pentru-protejarea-patrimoniului-cultural\/"},"modified":"2025-01-29T11:46:05","modified_gmt":"2025-01-29T11:46:05","slug":"gabriela-firea-solicita-modificarea-legislatiei-europene-si-adoptarea-unor-masuri-urgente-pentru-protejarea-patrimoniului-cultural","status":"publish","type":"post","link":"https:\/\/247stiri.ro\/index.php\/2025\/01\/29\/gabriela-firea-solicita-modificarea-legislatiei-europene-si-adoptarea-unor-masuri-urgente-pentru-protejarea-patrimoniului-cultural\/","title":{"rendered":"Gabriela Firea solicit\u0103 MODIFICAREA legisla\u021biei europene \u0219i adoptarea unor &#8222;M\u0102SURI URGENTE&#8221; pentru protejarea patrimoniului cultural"},"content":{"rendered":"<p>&#8222;Este esen\u021bial s\u0103 ac\u021bion\u0103m concret pentru recuperarea aurului dacic furat \u00een Olanda. Coiful de la Co\u021bof\u0103ne\u0219ti \u0219i br\u0103\u021b\u0103rile trebuie g\u0103site \u0219i readuse de urgen\u021b\u0103 \u00een \u021bar\u0103, dar, \u00een acela\u0219i timp, trebuie implementate m\u0103suri eficiente pentru a preveni astfel de crime culturale \u00een viitor&#8221;, a transmis Firea, \u00eentr-o postare pe Facebook.\u00a0Euroarlamentarul rom\u00e2n a ar\u0103tat, \u00een context, c\u0103 a solicitat Comisiei Europene: cre\u0219terea finan\u021b\u0103rii prin programul Europa Creativ\u0103 pentru protec\u021bia \u0219i mobilitatea patrimoniului cultural, pe de o parte, \u0219i, pe de alt\u0103 parte, introducerea unor m\u0103suri europene mai stricte pentru combaterea traficului \u0219i prevenirea acestor tragedii.\u00a0&#8222;Muzeele au \u00eenceput, deja, s\u0103 adopte m\u0103suri pentru protejarea operelor valoroase. Am v\u0103zut, de exemplu, anun\u021bul Muzeului Luvru privind m\u0103surile suplimentare pentru celebra pictur\u0103 Mona Lisa. Acest lucru demonstreaz\u0103 necesitatea unor ac\u021biuni coordonate la nivel european, pentru a asigura protec\u021bia patrimoniului \u00een toate statele membre. Iar institu\u021biile europene au responsabilitatea de a sprijini protejarea patrimoniului cultural al fiec\u0103rei \u021b\u0103ri din UE. Le mul\u021bumesc colegilor europarlamentari, din toate familiile politice, care s-au al\u0103turat acestui demers \u0219i au cosemnat scrisoarea adresat\u0103 comisarului Micallef&#8221;, a ar\u0103tat Gabriela Firea.<\/p>","protected":false},"excerpt":{"rendered":"<p>&#8222;Este esen\u021bial s\u0103 ac\u021bion\u0103m concret pentru recuperarea aurului dacic furat \u00een Olanda. Coiful de la&hellip;<\/p>\n","protected":false},"author":0,"featured_media":27489,"comment_status":"open","ping_status":"open","sticky":false,"template":"","format":"standard","meta":{"footnotes":""},"categories":[2],"tags":[],"class_list":["post-27492","post","type-post","status-publish","format-standard","has-post-thumbnail","hentry","category-actual"],"_links":{"self":[{"href":"https:\/\/247stiri.ro\/index.php\/wp-json\/wp\/v2\/posts\/27492","targetHints":{"allow":["GET"]}}],"collection":[{"href":"https:\/\/247stiri.ro\/index.php\/wp-json\/wp\/v2\/posts"}],"about":[{"href":"https:\/\/247stiri.ro\/index.php\/wp-json\/wp\/v2\/types\/post"}],"replies":[{"embeddable":true,"href":"https:\/\/247stiri.ro\/index.php\/wp-json\/wp\/v2\/comments?post=27492"}],"version-history":[{"count":0,"href":"https:\/\/247stiri.ro\/index.php\/wp-json\/wp\/v2\/posts\/27492\/revisions"}],"wp:featuredmedia":[{"embeddable":true,"href":"https:\/\/247stiri.ro\/index.php\/wp-json\/wp\/v2\/media\/27489"}],"wp:attachment":[{"href":"https:\/\/247stiri.ro\/index.php\/wp-json\/wp\/v2\/media?parent=27492"}],"wp:term":[{"taxonomy":"category","embeddable":true,"href":"https:\/\/247stiri.ro\/index.php\/wp-json\/wp\/v2\/categories?post=27492"},{"taxonomy":"post_tag","embeddable":true,"href":"https:\/\/247stiri.ro\/index.php\/wp-json\/wp\/v2\/tags?post=27492"}],"curies":[{"name":"wp","href":"https:\/\/api.w.org\/{rel}","templated":true}]}}