{"id":27498,"date":"2025-01-29T11:46:06","date_gmt":"2025-01-29T11:46:06","guid":{"rendered":"https:\/\/247stiri.ro\/index.php\/2025\/01\/29\/premierul-ciolacu-ia-masuri-dupa-furtul-tezaurului-dacic-de-la-muzeul-drents-corpul-de-control-al-prim-ministrului-va-inainta-un-raport-catre-parchetul-general\/"},"modified":"2025-01-29T11:46:06","modified_gmt":"2025-01-29T11:46:06","slug":"premierul-ciolacu-ia-masuri-dupa-furtul-tezaurului-dacic-de-la-muzeul-drents-corpul-de-control-al-prim-ministrului-va-inainta-un-raport-catre-parchetul-general","status":"publish","type":"post","link":"https:\/\/247stiri.ro\/index.php\/2025\/01\/29\/premierul-ciolacu-ia-masuri-dupa-furtul-tezaurului-dacic-de-la-muzeul-drents-corpul-de-control-al-prim-ministrului-va-inainta-un-raport-catre-parchetul-general\/","title":{"rendered":"Premierul Ciolacu ia m\u0103suri, dup\u0103 furtul tezaurului dacic de la Muzeul Drents: Corpul de Control al prim-ministrului va \u00eenainta un raport c\u0103tre Parchetul General"},"content":{"rendered":"<p>\u201dEste inadmisibil ce s-a \u00eent\u00e2mplat cu tezaurul rom\u00e2nesc \u00eentr-un muzeu din Olanda. Nu s-a pomenit p\u00e2n\u0103 acum ca un tezaur de o asemenea valoare, mai ales c\u0103 reprezint\u0103 identitatea unui stat, s\u0103 fie expus\u0103 f\u0103r\u0103 paz\u0103. Este responsabilitatea, \u00een totalitate, a guvernului olandez, a spus premierul Ciolacu \u00eentr-o postare pe Tik Tok.<\/p>\n<p>El anun\u0163\u0103 c\u0103 \u00een acest moment, Corpul de Control al prim- ministrului va \u00eenainta un raport c\u0103tre Parchetul General, ministra Culturii va face o analiz\u0103 \u015fi o anchet\u0103 administrativ\u0103 \u00een ceea ce prive\u015fte pe cei implica\u0163i.<\/p>\n<p>\u201dNu \u00een ultimul r\u00e2nd, vom lua m\u0103suri ca un astfel de demers s\u0103 nu mai fie la \u00eendem\u00e2na deciziei unui ministru. Dac\u0103 autorit\u0103\u0163ile olandeze nu vor reu\u015fi s\u0103 recupereze tezaurul rom\u00e2nesc, statul rom\u00e2n va apela la companii specializate, externe, \u00een ceea ce prive\u015fte recuperarea de obiecte de art\u0103\u201d, a mai spus \u015feful Executivului.<\/p>","protected":false},"excerpt":{"rendered":"<p>\u201dEste inadmisibil ce s-a \u00eent\u00e2mplat cu tezaurul rom\u00e2nesc \u00eentr-un muzeu din Olanda. Nu s-a pomenit&hellip;<\/p>\n","protected":false},"author":0,"featured_media":27499,"comment_status":"open","ping_status":"open","sticky":false,"template":"","format":"standard","meta":{"footnotes":""},"categories":[2],"tags":[],"class_list":["post-27498","post","type-post","status-publish","format-standard","has-post-thumbnail","hentry","category-actual"],"_links":{"self":[{"href":"https:\/\/247stiri.ro\/index.php\/wp-json\/wp\/v2\/posts\/27498","targetHints":{"allow":["GET"]}}],"collection":[{"href":"https:\/\/247stiri.ro\/index.php\/wp-json\/wp\/v2\/posts"}],"about":[{"href":"https:\/\/247stiri.ro\/index.php\/wp-json\/wp\/v2\/types\/post"}],"replies":[{"embeddable":true,"href":"https:\/\/247stiri.ro\/index.php\/wp-json\/wp\/v2\/comments?post=27498"}],"version-history":[{"count":0,"href":"https:\/\/247stiri.ro\/index.php\/wp-json\/wp\/v2\/posts\/27498\/revisions"}],"wp:featuredmedia":[{"embeddable":true,"href":"https:\/\/247stiri.ro\/index.php\/wp-json\/wp\/v2\/media\/27499"}],"wp:attachment":[{"href":"https:\/\/247stiri.ro\/index.php\/wp-json\/wp\/v2\/media?parent=27498"}],"wp:term":[{"taxonomy":"category","embeddable":true,"href":"https:\/\/247stiri.ro\/index.php\/wp-json\/wp\/v2\/categories?post=27498"},{"taxonomy":"post_tag","embeddable":true,"href":"https:\/\/247stiri.ro\/index.php\/wp-json\/wp\/v2\/tags?post=27498"}],"curies":[{"name":"wp","href":"https:\/\/api.w.org\/{rel}","templated":true}]}}