{"id":27511,"date":"2025-01-29T12:46:27","date_gmt":"2025-01-29T12:46:27","guid":{"rendered":"https:\/\/247stiri.ro\/index.php\/2025\/01\/29\/ipocrizie-maxima-cine-sunt-de-fapt-angajatele-lui-bolojan-profesionistele-pe-care-le-tine-in-parlament\/"},"modified":"2025-01-29T12:46:27","modified_gmt":"2025-01-29T12:46:27","slug":"ipocrizie-maxima-cine-sunt-de-fapt-angajatele-lui-bolojan-profesionistele-pe-care-le-tine-in-parlament","status":"publish","type":"post","link":"https:\/\/247stiri.ro\/index.php\/2025\/01\/29\/ipocrizie-maxima-cine-sunt-de-fapt-angajatele-lui-bolojan-profesionistele-pe-care-le-tine-in-parlament\/","title":{"rendered":"Ipocrizie maxim\u0103! Cine sunt, de fapt, angajatele lui Bolojan: profesionistele pe care le \u021bine \u00een Parlament"},"content":{"rendered":"<p>Ilie Bolojan pozeaz\u0103 \u00een ultimele zile \u00een reformatorul aparatului bugetar, dup\u0103 ce a anun\u021bat c\u0103 va concedia peste 200 de persoane din Senat. Pre\u0219edintele interimar al PNL \u0219i-a pus \u00een func\u021bii bine pl\u0103tite din cabinetele ale\u0219ilor din Bihor apropiatele.\u00a0<\/p>\n<p>Reorganizarea lui Bolojan const\u0103 \u00een t\u0103ierea de func\u021bii strict din zona celor cu caracter permanent, adic\u0103 a func\u021bionarilor profesioni\u0219ti. Iar pilele angajate pe criterii politice \u00een cabinetele parlamentare vor \u00eencasa \u00een continuare salarii uria\u0219e, chiar dac\u0103 nu merg aproape deloc la serviciu.<\/p>\n<p>Una dintre piele de partid angajate la Parlament este o t\u00e2n\u0103r\u0103 pe nume Georgiana, care a fost angajat\u0103 la cabinetul Arianei Mo\u0219, fost viceprimar la Oradea. T\u00e2n\u0103ra este extrem de activ\u0103 pe re\u021belele sociale, unde a postat imagini din Parlament dar \u0219i din vacan\u021be.<\/p>\n\n<p>O alt\u0103 t\u00e2n\u0103r\u0103 care va sc\u0103pa de reorganizarea anun\u021bat\u0103 la nivelul Parlamentului de Bolojan este Alexandra Hululei. T\u00e2n\u0103ra a fost angajat\u0103 la cabinetul deputatului Marius M\u0103rg\u0103rit. Ea a fost implicat\u0103 \u00een mai multe scandaluri mondene, dup\u0103 ce a avut mai multe rela\u021bii cu fotbali\u0219ti.<\/p>","protected":false},"excerpt":{"rendered":"<p>Ilie Bolojan pozeaz\u0103 \u00een ultimele zile \u00een reformatorul aparatului bugetar, dup\u0103 ce a anun\u021bat c\u0103&hellip;<\/p>\n","protected":false},"author":0,"featured_media":27512,"comment_status":"open","ping_status":"open","sticky":false,"template":"","format":"standard","meta":{"footnotes":""},"categories":[3],"tags":[],"class_list":["post-27511","post","type-post","status-publish","format-standard","has-post-thumbnail","hentry","category-politica"],"_links":{"self":[{"href":"https:\/\/247stiri.ro\/index.php\/wp-json\/wp\/v2\/posts\/27511","targetHints":{"allow":["GET"]}}],"collection":[{"href":"https:\/\/247stiri.ro\/index.php\/wp-json\/wp\/v2\/posts"}],"about":[{"href":"https:\/\/247stiri.ro\/index.php\/wp-json\/wp\/v2\/types\/post"}],"replies":[{"embeddable":true,"href":"https:\/\/247stiri.ro\/index.php\/wp-json\/wp\/v2\/comments?post=27511"}],"version-history":[{"count":0,"href":"https:\/\/247stiri.ro\/index.php\/wp-json\/wp\/v2\/posts\/27511\/revisions"}],"wp:featuredmedia":[{"embeddable":true,"href":"https:\/\/247stiri.ro\/index.php\/wp-json\/wp\/v2\/media\/27512"}],"wp:attachment":[{"href":"https:\/\/247stiri.ro\/index.php\/wp-json\/wp\/v2\/media?parent=27511"}],"wp:term":[{"taxonomy":"category","embeddable":true,"href":"https:\/\/247stiri.ro\/index.php\/wp-json\/wp\/v2\/categories?post=27511"},{"taxonomy":"post_tag","embeddable":true,"href":"https:\/\/247stiri.ro\/index.php\/wp-json\/wp\/v2\/tags?post=27511"}],"curies":[{"name":"wp","href":"https:\/\/api.w.org\/{rel}","templated":true}]}}