{"id":27517,"date":"2025-01-29T12:46:29","date_gmt":"2025-01-29T12:46:29","guid":{"rendered":"https:\/\/247stiri.ro\/index.php\/2025\/01\/29\/mircea-fechet-nu-vor-mai-exista-directori-pusi-pe-viata-la-romsilva-vor-avea-maxim-doua-mandate-vor-da-examen-la-fiecare-cinci-ani\/"},"modified":"2025-01-29T12:46:29","modified_gmt":"2025-01-29T12:46:29","slug":"mircea-fechet-nu-vor-mai-exista-directori-pusi-pe-viata-la-romsilva-vor-avea-maxim-doua-mandate-vor-da-examen-la-fiecare-cinci-ani","status":"publish","type":"post","link":"https:\/\/247stiri.ro\/index.php\/2025\/01\/29\/mircea-fechet-nu-vor-mai-exista-directori-pusi-pe-viata-la-romsilva-vor-avea-maxim-doua-mandate-vor-da-examen-la-fiecare-cinci-ani\/","title":{"rendered":"Mircea Fechet: Nu vor mai exista directori pu\u015fi pe via\u0163\u0103 la Romsilva. Vor avea maxim dou\u0103 mandate, vor da examen la fiecare cinci ani"},"content":{"rendered":"<p>Ministrul Mediului a declarat \u00eentr-o conferin\u0163\u0103 de pres\u0103, despre reorganizarea Romsilva, c\u0103 \u201dnu vor mai exista directori \u015fi \u015fefi de ocol pu\u015fi pe via\u0163\u0103, cum sunt ast\u0103zi\u201d.<\/p>\n<p>\u201d\u00cen baza codului Silvic actual, nu vor mai exista directori pu\u015fi pe via\u0163\u0103, cum sunt ast\u0103zi. Vor avea un contract de mandat, vor avea maxim dou\u0103 mandate, vor da examen la fiecare cinci ani, \u015fi \u00een baza unor indicatori foarte bine stabili\u0163i, ei \u00ee\u015fi vor continua sau nu activitatea \u015fi pot fi revoca\u0163i oric\u00e2nd, ceea ce eu cred c\u0103 e o chestiune care ar trebui s\u0103 se \u00eent\u00e2mple\u201d, a ar\u0103tat Fechet.<\/p>\n<p>Ministrul Mediului a mai spus c\u0103 nu ar vrea s\u0103 se refere deocamdat\u0103 la num\u0103rul angaja\u0163ilor, pentru c\u0103 nu vrea s\u0103 transmit\u0103 un semnal gre\u015fit celor peste 13.000 de angaja\u0163i ai Regiei, \u00een leg\u0103tur\u0103 cu riscul ca ace\u015ftia s\u0103-\u015fi piard\u0103 locul de munc\u0103 \u00een perioada imediat urm\u0103toare. \u201dReorganizarea va \u00eencepe de sus \u00een jos, pentru c\u0103 sus e problema Regiei\u201d, a completat Fechet.<\/p>\n<p>\u201dReforma Regiei trebuie s\u0103 fie profund\u0103, reforma Regiei trebuie s\u0103 ajung\u0103 p\u00e2n\u0103 la celula de baz\u0103 a regiei. (..) Num\u0103rul angaja\u0163ilor trebuie s\u0103 urm\u0103reasc\u0103 suprafa\u0163a de p\u0103dure administrate. Nu mi se pare firesc c\u0103 pentru aceea\u015fi suprafa\u0163\u0103 de p\u0103dure s\u0103 avem ocoale silvice care au angaja\u0163i mai pu\u0163ini \u015fi alte ocoale silvice cu angaja\u0163i mai mul\u0163i\u201d, a explicat Mircea Fechet.<\/p>\n<p>El a ar\u0103tat c\u0103 \u00een trecut Regia administra peste 6 milioane de hectare, nu 3,1 milioane din domeniul public al statului, c\u00e2t administreaz\u0103 ast\u0103zi, \u015fi f\u0103cea acest lucru cu 14.500 de angaja\u0163i \u201dAst\u0103zi constat\u0103m c\u0103 avem aproape jum\u0103tate din fondul forestier na\u0163ional administrat de c\u0103tre Regie, iar num\u0103rul angaja\u0163ilor a sc\u0103zut modest\u201d, a ar\u0103tat Fechet.<\/p>\n<p>\u00cen leg\u0103tur\u0103 cu salariul directorului general al Romsilva, fechet a precizat c\u0103 a avut discu\u0163ii \u015fi nu e un secret c\u0103 i-a repro\u015fat acest lucru.<\/p>\n<p>\u201dMie mi se pare c\u0103 44.000 lei, dac\u0103 re\u0163in cuantumul brut al acestui salariu pe lun\u0103, f\u0103r\u0103 s\u0103 \u00eel compar cu salariul meu sau cu salariul altui demnitar, mi se pare c\u0103 pentru o structur\u0103 na\u0163ional\u0103 \u00een situa\u0163ia \u00een care este ast\u0103zi Regia, e un salariu dispropor\u0163ionat de mare. Aceasta este opinia mea \u015fi asta e ceea ce i-am comunicat \u015fi personal\u201d, a men\u0163ionat Fechet.<\/p>\n<p>Ministrul a mai declarat c\u0103 \u00een prima lun\u0103 a mandatului a solicitat \u00een scris un audit public extern al Regiei Na\u0163ionale a P\u0103durilor Romsilva, f\u0103cut de un organism independent, a c\u0103rui profesionalism nu poate fi pus la \u00eendoial\u0103, audit care, din p\u0103cate, nici ast\u0103zi nu i-a fost prezentat.<\/p>","protected":false},"excerpt":{"rendered":"<p>Ministrul Mediului a declarat \u00eentr-o conferin\u0163\u0103 de pres\u0103, despre reorganizarea Romsilva, c\u0103 \u201dnu vor mai&hellip;<\/p>\n","protected":false},"author":0,"featured_media":27518,"comment_status":"open","ping_status":"open","sticky":false,"template":"","format":"standard","meta":{"footnotes":""},"categories":[2],"tags":[],"class_list":["post-27517","post","type-post","status-publish","format-standard","has-post-thumbnail","hentry","category-actual"],"_links":{"self":[{"href":"https:\/\/247stiri.ro\/index.php\/wp-json\/wp\/v2\/posts\/27517","targetHints":{"allow":["GET"]}}],"collection":[{"href":"https:\/\/247stiri.ro\/index.php\/wp-json\/wp\/v2\/posts"}],"about":[{"href":"https:\/\/247stiri.ro\/index.php\/wp-json\/wp\/v2\/types\/post"}],"replies":[{"embeddable":true,"href":"https:\/\/247stiri.ro\/index.php\/wp-json\/wp\/v2\/comments?post=27517"}],"version-history":[{"count":0,"href":"https:\/\/247stiri.ro\/index.php\/wp-json\/wp\/v2\/posts\/27517\/revisions"}],"wp:featuredmedia":[{"embeddable":true,"href":"https:\/\/247stiri.ro\/index.php\/wp-json\/wp\/v2\/media\/27518"}],"wp:attachment":[{"href":"https:\/\/247stiri.ro\/index.php\/wp-json\/wp\/v2\/media?parent=27517"}],"wp:term":[{"taxonomy":"category","embeddable":true,"href":"https:\/\/247stiri.ro\/index.php\/wp-json\/wp\/v2\/categories?post=27517"},{"taxonomy":"post_tag","embeddable":true,"href":"https:\/\/247stiri.ro\/index.php\/wp-json\/wp\/v2\/tags?post=27517"}],"curies":[{"name":"wp","href":"https:\/\/api.w.org\/{rel}","templated":true}]}}