{"id":27519,"date":"2025-01-29T12:46:30","date_gmt":"2025-01-29T12:46:30","guid":{"rendered":"https:\/\/247stiri.ro\/index.php\/2025\/01\/29\/george-simion-victor-ponta-nu-va-avea-niciodata-sustinere-din-partea-aur\/"},"modified":"2025-01-29T12:46:30","modified_gmt":"2025-01-29T12:46:30","slug":"george-simion-victor-ponta-nu-va-avea-niciodata-sustinere-din-partea-aur","status":"publish","type":"post","link":"https:\/\/247stiri.ro\/index.php\/2025\/01\/29\/george-simion-victor-ponta-nu-va-avea-niciodata-sustinere-din-partea-aur\/","title":{"rendered":"George Simion: Victor Ponta nu va avea niciodat\u0103 sus\u021binere din partea AUR"},"content":{"rendered":"<p>\u201eDespre ce sa stau de vorb\u0103 cu Victor Ponta? Cu el am avut ni\u0219te discu\u021bii acum 2-3 ani \u0219i dup\u0103 aceea s-a prezentat ca fiind consilierul meu \u0219i c\u0103 preg\u0103tim o alian\u021b\u0103. Domnul Ponta nu este nicidecum un reper al curentului suveranist, a fost pre\u0219edinte PSD, \u00eel aplauda pe Biden.<\/p>\n<p>Este exclus c\u0103 ar putea Ponta s\u0103 ia voturile suverani\u0219tilor. Excludem vreo eventual\u0103 sus\u021binere. Niciodat\u0103 AUR nu \u00eel va sus\u021bine c\u00e2t sunt eu pre\u0219edinte AUR. Ponta exact asta face, ac\u021biuni de imagine \u0219i noi, AUR, ca principal\u0103 for\u021b\u0103 suveranist\u0103 am votat \u00een Consiliul Na\u021bional de Conducere sus\u021binere \u00een unanimitate pentru C\u0103lin Georgescu.<\/p>\n<p>Victor Ponta \u0219i al\u021bi detractori care \u00eencearc\u0103 s\u0103 se urce pe acest val pornit de noi \u00een 2019 s\u0103 stea la locurile lor. Nu mai e nevoie de Ponta \u0219i Antonescu \u0219i de ciorbe re\u00eenc\u0103lzite \u00een politica romaneasc\u0103.\u201d, a declarat George Simion \u00een exclusivitate la Realitatea Plus.<\/p>\n<p>Liderul suverani\u0219tilor, George Simion este al\u0103turi de rom\u00e2ni \u00een revolta care se extinde la nivel european. Liderul AUR a spus \u00een direct la Realitatea plus, direct de la Bruxelles, c\u0103 oamenii trebuie s\u0103 fie l\u0103sa\u021bi s\u0103 voteze pentru turul al doilea \u0219i a declarat c\u0103 Iohannis \u00eencalc\u0103 orice norm\u0103 a statului de drept.<\/p>\n<p>\u201eKlaus Iohannis \u00eencalc\u0103 orice norm\u0103 a statului de drept, alegerile corecte, democratice. Conducerea globalist\u0103 nu discut\u0103 despre aceste lucruri.<\/p>\n<p>Toate aceste re\u021bele de sprijin pentru curentul globalist trebuie oprite \u0219i vom face asta \u00eempreun\u0103.<\/p>\n<p>Sus\u021bin democra\u021bia \u0219i alegerile libere din Rom\u00e2nia. Este corect ca C\u0103lin Georgescu s\u0103 fie pre\u0219edintele Rom\u00e2niei,\u00a0 este corect ca institu\u021biile din statul rom\u00e2n s\u0103 nu mearg\u0103 mai departe \u00een aceast\u0103 lovitur\u0103 de stat \u0219i s\u0103 nu continue abuzurile.\u201d<\/p>","protected":false},"excerpt":{"rendered":"<p>\u201eDespre ce sa stau de vorb\u0103 cu Victor Ponta? Cu el am avut ni\u0219te discu\u021bii&hellip;<\/p>\n","protected":false},"author":0,"featured_media":27520,"comment_status":"open","ping_status":"open","sticky":false,"template":"","format":"standard","meta":{"footnotes":""},"categories":[2],"tags":[],"class_list":["post-27519","post","type-post","status-publish","format-standard","has-post-thumbnail","hentry","category-actual"],"_links":{"self":[{"href":"https:\/\/247stiri.ro\/index.php\/wp-json\/wp\/v2\/posts\/27519","targetHints":{"allow":["GET"]}}],"collection":[{"href":"https:\/\/247stiri.ro\/index.php\/wp-json\/wp\/v2\/posts"}],"about":[{"href":"https:\/\/247stiri.ro\/index.php\/wp-json\/wp\/v2\/types\/post"}],"replies":[{"embeddable":true,"href":"https:\/\/247stiri.ro\/index.php\/wp-json\/wp\/v2\/comments?post=27519"}],"version-history":[{"count":0,"href":"https:\/\/247stiri.ro\/index.php\/wp-json\/wp\/v2\/posts\/27519\/revisions"}],"wp:featuredmedia":[{"embeddable":true,"href":"https:\/\/247stiri.ro\/index.php\/wp-json\/wp\/v2\/media\/27520"}],"wp:attachment":[{"href":"https:\/\/247stiri.ro\/index.php\/wp-json\/wp\/v2\/media?parent=27519"}],"wp:term":[{"taxonomy":"category","embeddable":true,"href":"https:\/\/247stiri.ro\/index.php\/wp-json\/wp\/v2\/categories?post=27519"},{"taxonomy":"post_tag","embeddable":true,"href":"https:\/\/247stiri.ro\/index.php\/wp-json\/wp\/v2\/tags?post=27519"}],"curies":[{"name":"wp","href":"https:\/\/api.w.org\/{rel}","templated":true}]}}