{"id":27527,"date":"2025-01-29T12:46:32","date_gmt":"2025-01-29T12:46:32","guid":{"rendered":"https:\/\/247stiri.ro\/index.php\/2025\/01\/29\/romsilva-asteptata-sa-vina-cu-un-plan-de-reorganizare-mircea-fechet-ne-propunem-sa-reducem-drastic-numarul-celor-99-de-directori\/"},"modified":"2025-01-29T12:46:32","modified_gmt":"2025-01-29T12:46:32","slug":"romsilva-asteptata-sa-vina-cu-un-plan-de-reorganizare-mircea-fechet-ne-propunem-sa-reducem-drastic-numarul-celor-99-de-directori","status":"publish","type":"post","link":"https:\/\/247stiri.ro\/index.php\/2025\/01\/29\/romsilva-asteptata-sa-vina-cu-un-plan-de-reorganizare-mircea-fechet-ne-propunem-sa-reducem-drastic-numarul-celor-99-de-directori\/","title":{"rendered":"Romsilva, a\u0219teptat\u0103 s\u0103 vin\u0103 cu un plan de reorganizare. Mircea Fechet: Ne propunem s\u0103 reducem drastic num\u0103rul celor 99 de directori"},"content":{"rendered":"<p>Ministrul a anun\u0163at dup\u0103 \u00eent\u00e2lnirea cu conducerea Romsilva c\u0103 a comunicat conducerii a\u015ftept\u0103rile pe care le are de la 2025.\u00a0<\/p>\n<p>\u201dAnul 2024 a fost un an prost pentru Regie \u015fi a fost al treilea an prost, nu primul an. M\u0103 refer \u00een primul r\u00e2nd la cifrele economice, la rata profitului, la cheltuielile Regiei \u015fi la modul \u00een care aceast\u0103 institu\u0163ie este administrate.\u00a0Am spus c\u0103 primul lucru pe care doresc s\u0103-l rezolv\u0103m \u015fi foarte rapid este legat de oprirea tuturor cheltuielilor nejustificate. Fie c\u0103 ne referim la tot felul de prime, fie c\u0103 ne referim la bonifica\u0163ii, la premii, la pensionare sau cu alte ocazii\u201d, a spus ministrul \u00eentr-o conferin\u0163\u0103 de pres\u0103.<\/p>\n<p>Fechet a precizat c\u0103\u201da dispus de ast\u0103zi s\u0103 discute cu reprezentan\u0163ii sindicatelor, cu reprezentan\u0163ii angaja\u0163ilor \u015fi s\u0103 se asigure c\u0103 astfel de sume nu se vor pl\u0103ti \u00een anul 2025 \u015fi nu se vor pl\u0103ti nici \u00een viitor\u201d.<\/p>\n<p>\u201dTotodat\u0103 am cerut o analiz\u0103 foarte ferm\u0103, foarte strict\u0103 la nivel de direc\u0163ie silvic\u0103, la nivel de ocol silvic, la nivel de canton, pentru c\u0103 exist\u0103 foarte multe anomalii\u201d, a ar\u0103tat Fechet, preciz\u00e2nd c\u0103 mai bine de jum\u0103tate din direc\u0163iile silvice pierd bani \u00een fiecare zi.<\/p>\n<p>\u201dCu alte cuvinte, angaja\u0163ii c\u00e2nd vin la serviciu diminea\u0163a, \u00eenc\u0103 din primul minut \u00eencep s\u0103 fac\u0103 pierderi pentru Regie \u015fi pentru statul rom\u00e2n. La fel cum sunt direc\u0163ii silvice extrem de performante, care practic \u0163in \u00een spate pe cele care nu \u015ftiu s\u0103-\u015fi fac\u0103 treaba. <\/p>\n<p>Sunt direc\u0163ii silvice care administreaz\u0103 o suprafa\u0163\u0103 \u00eensemnat\u0103 de fond forestier, discut\u0103m despre sute de mii de hectare, 324.000 \u00een cazul Direc\u0163iei silvice Cara\u015f, la fel cum sunt direc\u0163ii silvice care au 20.000 de hectare, cu o structur\u0103 de conducere relativ similar: Director al direc\u0163iei silvice, director tehnic, director economic \u00een anumite situa\u0163ii. Trebuie s\u0103 corect\u0103m toate aceste anomalii\u201d, a ar\u0103tat ministrul.<\/p>\n<p>Mircea Fechet a \u0163inut s\u0103 precizeze c\u0103 \u201ddezastrul de la Romsilva se datoreaz\u0103 \u00een principal managementului\u201d.<\/p>\n<p>\u201dProcesul de reorganizare va \u00eencepe tot cu managementul\u201d, a completat el.<\/p>\n<p>Ministrul Mediului a anun\u0163at c\u0103 a comunicat conducerii Regiei Na\u0163ionale a P\u0103durilor ca \u00een maxim \u015fapte zile, p\u00e2n\u0103 miercurea viitoare, s\u0103 vin\u0103 cu o propunere foarte clar\u0103 de reorganizare a Regiei.<\/p>\n<p>\u201dDac\u0103 vor r\u0103m\u00e2ne 10 direc\u0163ii silvice din 41 sau 15, asta r\u0103m\u00e2ne de v\u0103zut. \u00cemi propun ca decizia pe care o voi lua s\u0103 vin\u0103 \u00een primul r\u00e2nd din partea Regiei\u201d, a spus ministrul.\u00a0<\/p>\n<p>\u201d\u00cen m\u0103sura \u00een care propunerea pe care mi-o vor \u00eenainta nu va satisface principiile pe care le-am enun\u0163at, atunci bine\u00een\u0163eles c\u0103 voi fi nevoit s\u0103 iau pixul, s\u0103 iau carioca \u015fi s\u0103 m\u0103 apuc s\u0103 desenez \u00eempreun\u0103 cu colegii din minister noua structur\u0103 a Regiei. \u00cens\u0103 ne propunem s\u0103 reducem drastic num\u0103rul celor 99 de directori afla\u0163i ast\u0103zi \u00een direc\u0163iile silvice jude\u0163ene. E un num\u0103r dispropor\u0163ionat de mare raportat la nevoile Regiei\u201d, a spus el.<\/p>\n<p>Ministrul a mai spus c\u0103 prin \u0163ar\u0103, prin diferite ocoale silvice, se fac tot soiul de liste negre cu p\u0103durari care ar trebui da\u0163i afar\u0103, cu alte tipuri de angaja\u0163i, poate muncitori necalifica\u0163i.<\/p>\n<p>\u201dEu cred c\u0103 va trebui s\u0103 ne asigur\u0103m c\u0103 lu\u0103m toate m\u0103surile necesare la nivelul managementului regiei. Dup\u0103 care, bine\u00een\u0163eles, dac\u0103 situa\u0163ia o va impune \u015fi analiz\u00e2nd ocol cu ocol \u015fi analiz\u00e2nd direc\u0163ie silvic\u0103 cu direc\u0163ie silvic\u0103, bine\u00een\u0163eles c\u0103 putem s\u0103 lu\u0103m m\u0103suri care s\u0103 ajung\u0103 p\u00e2n\u0103 la ultimul angajat\u201d, a subliniat Fechet.<\/p>\n<p>El a precizat c\u0103 nu va mai tolera faptul c\u0103 \u00een ocoalele private \u015fefii de ocol pleac\u0103 diminea\u0163a la munc\u0103 cu restul angaja\u0163ilor, pe c\u00e2nd \u00een ocoalele de stat \u015fefii de ocol au o activitate mai cur\u00e2nd de birou lucru care afecteaz\u0103 productivitatea acestora.<\/p>\n<p>\u201dAm hot\u0103r\u00e2t ca nicio direc\u0163ie silvic\u0103 ce a f\u0103cut pierderi \u00een anul 2024 \u015fi sunt peste jum\u0103tate, s\u0103 nu mai existe. Am hot\u0103r\u00e2t s\u0103 nu avem nicio direc\u0163ie silvic\u0103 cu p\u0103dure pu\u0163in\u0103\u201d, a mai anun\u0163at Fechet.<\/p>","protected":false},"excerpt":{"rendered":"<p>Ministrul a anun\u0163at dup\u0103 \u00eent\u00e2lnirea cu conducerea Romsilva c\u0103 a comunicat conducerii a\u015ftept\u0103rile pe care&hellip;<\/p>\n","protected":false},"author":0,"featured_media":27528,"comment_status":"open","ping_status":"open","sticky":false,"template":"","format":"standard","meta":{"footnotes":""},"categories":[2],"tags":[],"class_list":["post-27527","post","type-post","status-publish","format-standard","has-post-thumbnail","hentry","category-actual"],"_links":{"self":[{"href":"https:\/\/247stiri.ro\/index.php\/wp-json\/wp\/v2\/posts\/27527","targetHints":{"allow":["GET"]}}],"collection":[{"href":"https:\/\/247stiri.ro\/index.php\/wp-json\/wp\/v2\/posts"}],"about":[{"href":"https:\/\/247stiri.ro\/index.php\/wp-json\/wp\/v2\/types\/post"}],"replies":[{"embeddable":true,"href":"https:\/\/247stiri.ro\/index.php\/wp-json\/wp\/v2\/comments?post=27527"}],"version-history":[{"count":0,"href":"https:\/\/247stiri.ro\/index.php\/wp-json\/wp\/v2\/posts\/27527\/revisions"}],"wp:featuredmedia":[{"embeddable":true,"href":"https:\/\/247stiri.ro\/index.php\/wp-json\/wp\/v2\/media\/27528"}],"wp:attachment":[{"href":"https:\/\/247stiri.ro\/index.php\/wp-json\/wp\/v2\/media?parent=27527"}],"wp:term":[{"taxonomy":"category","embeddable":true,"href":"https:\/\/247stiri.ro\/index.php\/wp-json\/wp\/v2\/categories?post=27527"},{"taxonomy":"post_tag","embeddable":true,"href":"https:\/\/247stiri.ro\/index.php\/wp-json\/wp\/v2\/tags?post=27527"}],"curies":[{"name":"wp","href":"https:\/\/api.w.org\/{rel}","templated":true}]}}