{"id":27532,"date":"2025-01-29T13:46:02","date_gmt":"2025-01-29T13:46:02","guid":{"rendered":"https:\/\/247stiri.ro\/index.php\/2025\/01\/29\/240-de-angajati-ai-camerei-deputatilor-vor-fi-concediati-a-fost-adoptat-memorandumul-pentru-reducerea-posturilor\/"},"modified":"2025-01-29T13:46:02","modified_gmt":"2025-01-29T13:46:02","slug":"240-de-angajati-ai-camerei-deputatilor-vor-fi-concediati-a-fost-adoptat-memorandumul-pentru-reducerea-posturilor","status":"publish","type":"post","link":"https:\/\/247stiri.ro\/index.php\/2025\/01\/29\/240-de-angajati-ai-camerei-deputatilor-vor-fi-concediati-a-fost-adoptat-memorandumul-pentru-reducerea-posturilor\/","title":{"rendered":"240 de angaja\u021bi ai Camerei Deputa\u021bilor vor fi concedia\u021bi. A fost adoptat Memorandumul pentru reducerea posturilor"},"content":{"rendered":"<p>Memorandumul a fost adoptat de Biroul Permanent al Camerei Deputa\u0163ilor, singurul grup parlamentar care s-a opus fiind cel al AUR.\u00a0Potrivit Memorandumului, pornind de la necesitatea reducerii cheltuielilor de organizare \u015fi func\u0163ionare ale autorit\u0103\u0163ii legiuitoare \u015fi \u00een urma analizelor efectuate asupra activit\u0103\u0163ii serviciilor Camerei Deputa\u0163ilor se propun mai multe m\u0103suri de reorganizare a acestora, m\u0103suri care \u00een final vor duce la reducerea cu 240 posturi a num\u0103rului de posturi alocate compartimentelor. Reducerea cheltuielilor de organizare \u015fi func\u0163ionare va avea \u00een vedere \u015fi m\u0103suri de eficientizare a consumurilor specifice:\u00a0Astfel, pentru punerea \u00een aplicare a reducerilor de personal pe durat\u0103 nedeterminat\u0103, se va proceda \u00een ordine Ia:- \u00eencetarea raporturilor de serviciu ale personalului c\u0103ruia i-a fost aprobat\u0103 continuarea activit\u0103\u0163ii dup\u0103 \u00eemplinirea v\u00e2rstei de pensionare;- \u00eencetarea raporturilor de serviciu sau a contractelor individuale de munc\u0103, dup\u0103 caz, ale personalului care cumuleaz\u0103 pensia cu salariul, indiferent de tipul de pensie: pensie de serviciu, pensie \u00een sistemul public sau pensie militar\u0103;- demararea procedurilor de pensionare de c\u0103tre persoanele care \u00eendeplinesc condi\u0163iile, conform legii \u015fi, ulterior, \u00eencetarea raporturilor de serviciu sau de munc\u0103 ale acestora;retragerea acordului angajatorului \u00een cazul suspend\u0103rii la cerere din motive personale, a raportului de serviciu sau de munc\u0103;- clarificarea situa\u0163iei personalului deta\u015fat la alte institu\u0163ii;- \u00eencetarea procedurilor de derulare a concursurilor aflate \u00een desf\u0103\u015furare; pentru concursurile \u00eencheiate pentru care nu au fost finalizate procedurile de angajare, se propune ca acestea s\u0103 nu mai fie continuate;- neaprobarea exercit\u0103rii atribu\u0163iilor de coordonator la compartimente \u015fi, implicit, neacordarea pl\u0103\u0163ii suplimentare a acestui personal.\u00a0Memorandumul arat\u0103 c\u0103, dup\u0103 aplicarea m\u0103surilor de mai sus, \u00een func\u0163ie de num\u0103rul de personal raportat la num\u0103rul de posturi alocate \u00eentr-un compartiment \u015fi raportat la num\u0103rul de posturi de execu\u0163ie propuse a fi reduse, personalul va fi redistribuit sau evaluat, dup\u0103 caz.\u00a0Documentul se refer\u0103 \u015fi la rvaluarea profesional\u0103 care se va efectua conform urm\u0103toarelor criterii: studiile absolvite, ca nivel \u015fi specializare; experien\u0163\u0103 \u00een domeniu (vechime pe post); calificativele ob\u0163inute \u00een ultimii 2 ani; testarea profesional\u0103; situa\u0163ia disciplinar\u0103.\u00a0\u201dEvaluarea profesional\u0103 ce va fi organizat\u0103 \u00een perioada urm\u0103toare se va desf\u0103\u015fura \u00een conformitate cu un set de norme aprobat de Biroul permanent al Camerei Deputa\u0163ilor. \u00centregul demers respect\u0103 legisla\u0163ia \u00een vigoare privind dialogul social, pornind de la consult\u0103ri \u015fi discu\u0163ii cu reprezentan\u0163ii sindicatelor, cu respectarea prevederile legale \u00een materie de concedieri colective\u201d, precizeaz\u0103 memorandumul adoptat.\u00a0<\/p>","protected":false},"excerpt":{"rendered":"<p>Memorandumul a fost adoptat de Biroul Permanent al Camerei Deputa\u0163ilor, singurul grup parlamentar care s-a&hellip;<\/p>\n","protected":false},"author":0,"featured_media":27533,"comment_status":"open","ping_status":"open","sticky":false,"template":"","format":"standard","meta":{"footnotes":""},"categories":[2],"tags":[],"class_list":["post-27532","post","type-post","status-publish","format-standard","has-post-thumbnail","hentry","category-actual"],"_links":{"self":[{"href":"https:\/\/247stiri.ro\/index.php\/wp-json\/wp\/v2\/posts\/27532","targetHints":{"allow":["GET"]}}],"collection":[{"href":"https:\/\/247stiri.ro\/index.php\/wp-json\/wp\/v2\/posts"}],"about":[{"href":"https:\/\/247stiri.ro\/index.php\/wp-json\/wp\/v2\/types\/post"}],"replies":[{"embeddable":true,"href":"https:\/\/247stiri.ro\/index.php\/wp-json\/wp\/v2\/comments?post=27532"}],"version-history":[{"count":0,"href":"https:\/\/247stiri.ro\/index.php\/wp-json\/wp\/v2\/posts\/27532\/revisions"}],"wp:featuredmedia":[{"embeddable":true,"href":"https:\/\/247stiri.ro\/index.php\/wp-json\/wp\/v2\/media\/27533"}],"wp:attachment":[{"href":"https:\/\/247stiri.ro\/index.php\/wp-json\/wp\/v2\/media?parent=27532"}],"wp:term":[{"taxonomy":"category","embeddable":true,"href":"https:\/\/247stiri.ro\/index.php\/wp-json\/wp\/v2\/categories?post=27532"},{"taxonomy":"post_tag","embeddable":true,"href":"https:\/\/247stiri.ro\/index.php\/wp-json\/wp\/v2\/tags?post=27532"}],"curies":[{"name":"wp","href":"https:\/\/api.w.org\/{rel}","templated":true}]}}