{"id":27549,"date":"2025-01-29T14:45:04","date_gmt":"2025-01-29T14:45:04","guid":{"rendered":"https:\/\/247stiri.ro\/index.php\/2025\/01\/29\/revolta-a-ajuns-la-usa-institutiilor-europene-romanii-au-iesit-in-strada-la-bruxelles-in-fata-parlamentului-european-si-cer-turul-2-inapoi-live-video-si-live-text\/"},"modified":"2025-01-29T14:45:04","modified_gmt":"2025-01-29T14:45:04","slug":"revolta-a-ajuns-la-usa-institutiilor-europene-romanii-au-iesit-in-strada-la-bruxelles-in-fata-parlamentului-european-si-cer-turul-2-inapoi-live-video-si-live-text","status":"publish","type":"post","link":"https:\/\/247stiri.ro\/index.php\/2025\/01\/29\/revolta-a-ajuns-la-usa-institutiilor-europene-romanii-au-iesit-in-strada-la-bruxelles-in-fata-parlamentului-european-si-cer-turul-2-inapoi-live-video-si-live-text\/","title":{"rendered":"Revolta a ajuns la u\u0219a institu\u021biilor europene: rom\u00e2nii au ie\u0219it \u00een strad\u0103 la Bruxelles, \u00een fa\u021ba Parlamentului European, \u0219i cer turul 2 \u00eenapoi &#8211; LIVE VIDEO \u0219i LIVE TEXT"},"content":{"rendered":"<p>Realitatea PLUS este al\u0103turi de rom\u00e2ni!<\/p>\n\n<p>Rom\u00e2nii au \u00eenceput s\u0103 se adune \u00een fa\u021ba institu\u021biei din Bruxelles pentru a-\u0219i striga nemul\u021bumirea \u0219i pentru a trage un semnal de alarm\u0103 pentru \u00eentreaga comunitate interna\u021bional\u0103.<\/p>\n<p>Rom\u00e2nii cer turul 2 \u00eenapoi, \u00eentr-un protest pa\u0219nic.\u00a0<\/p>","protected":false},"excerpt":{"rendered":"<p>Realitatea PLUS este al\u0103turi de rom\u00e2ni! Rom\u00e2nii au \u00eenceput s\u0103 se adune \u00een fa\u021ba institu\u021biei&hellip;<\/p>\n","protected":false},"author":0,"featured_media":27550,"comment_status":"open","ping_status":"open","sticky":false,"template":"","format":"standard","meta":{"footnotes":""},"categories":[3],"tags":[],"class_list":["post-27549","post","type-post","status-publish","format-standard","has-post-thumbnail","hentry","category-politica"],"_links":{"self":[{"href":"https:\/\/247stiri.ro\/index.php\/wp-json\/wp\/v2\/posts\/27549","targetHints":{"allow":["GET"]}}],"collection":[{"href":"https:\/\/247stiri.ro\/index.php\/wp-json\/wp\/v2\/posts"}],"about":[{"href":"https:\/\/247stiri.ro\/index.php\/wp-json\/wp\/v2\/types\/post"}],"replies":[{"embeddable":true,"href":"https:\/\/247stiri.ro\/index.php\/wp-json\/wp\/v2\/comments?post=27549"}],"version-history":[{"count":0,"href":"https:\/\/247stiri.ro\/index.php\/wp-json\/wp\/v2\/posts\/27549\/revisions"}],"wp:featuredmedia":[{"embeddable":true,"href":"https:\/\/247stiri.ro\/index.php\/wp-json\/wp\/v2\/media\/27550"}],"wp:attachment":[{"href":"https:\/\/247stiri.ro\/index.php\/wp-json\/wp\/v2\/media?parent=27549"}],"wp:term":[{"taxonomy":"category","embeddable":true,"href":"https:\/\/247stiri.ro\/index.php\/wp-json\/wp\/v2\/categories?post=27549"},{"taxonomy":"post_tag","embeddable":true,"href":"https:\/\/247stiri.ro\/index.php\/wp-json\/wp\/v2\/tags?post=27549"}],"curies":[{"name":"wp","href":"https:\/\/api.w.org\/{rel}","templated":true}]}}