{"id":27553,"date":"2025-01-29T14:45:06","date_gmt":"2025-01-29T14:45:06","guid":{"rendered":"https:\/\/247stiri.ro\/index.php\/2025\/01\/29\/george-simion-mesaj-transant-de-la-bruxelles-iohannis-si-ciolacu-nu-mai-sunt-bine-vazuti-niciunde-in-lumea-libera-iohannis-trebui-sa-si-dea-demisia-de-urgenta\/"},"modified":"2025-01-29T14:45:06","modified_gmt":"2025-01-29T14:45:06","slug":"george-simion-mesaj-transant-de-la-bruxelles-iohannis-si-ciolacu-nu-mai-sunt-bine-vazuti-niciunde-in-lumea-libera-iohannis-trebui-sa-si-dea-demisia-de-urgenta","status":"publish","type":"post","link":"https:\/\/247stiri.ro\/index.php\/2025\/01\/29\/george-simion-mesaj-transant-de-la-bruxelles-iohannis-si-ciolacu-nu-mai-sunt-bine-vazuti-niciunde-in-lumea-libera-iohannis-trebui-sa-si-dea-demisia-de-urgenta\/","title":{"rendered":"George Simion, mesaj tran\u0219ant de la Bruxelles: Iohannis \u0219i Ciolacu nu mai sunt bine v\u0103zu\u021bi niciunde \u00een lumea liber\u0103. Iohannis trebui s\u0103-\u0219i dea demisia de urgen\u021b\u0103!"},"content":{"rendered":"<p>&#8222;Este o manifestare simbolic\u0103 de solidaritate din partea europarlamentarilor \u0219i congresmenilor care au participat zilele acestea la conferin\u021ba Make Europe Great Again. Noi spunem ni\u0219te lucruri care ar trebui s\u0103 fie suficient de clare. Alegeri libere, democra\u021bie, dup\u0103 35 de ani, ne \u00eentreab\u0103 dac\u0103 la noi este Venezuela?<\/p>\n<p>Reporter: Ce mesaje a\u021bi primit din partea politicienilor suverani\u0219ti din Europa \u0219i din America?<\/p>\n<p>To\u021bi ace\u0219ti oameni au peti\u021bionat \u0219i Consiliul Europei \u0219i Comisia de la Vene\u021bia, este un prima rezultat acel raport care chiar dac\u0103 este consultativ d\u0103 speran\u021b\u0103 \u0219i, cu siguran\u021b\u0103, Klaus Iohannis \u0219i Marcel Ciolacu nu mai sunt bine v\u0103zu\u021bi niciunde \u00een lumea liber\u0103. Poate se vor vedea cu Luka\u0219enko, s\u0103 fac\u0103 o uniune a lor, a dictatorilor, a pre\u0219edin\u021bilor autoritari. Klaus Iohannis trebui s\u0103-\u0219i dea demisia de urgen\u021b\u0103&#8221;, a declarat liderul AUR George Simion, \u00een exclusivitate la Televiziunea Poporului, Realitatea Plus.\u00a0<\/p>","protected":false},"excerpt":{"rendered":"<p>&#8222;Este o manifestare simbolic\u0103 de solidaritate din partea europarlamentarilor \u0219i congresmenilor care au participat zilele&hellip;<\/p>\n","protected":false},"author":0,"featured_media":27548,"comment_status":"open","ping_status":"open","sticky":false,"template":"","format":"standard","meta":{"footnotes":""},"categories":[2],"tags":[],"class_list":["post-27553","post","type-post","status-publish","format-standard","has-post-thumbnail","hentry","category-actual"],"_links":{"self":[{"href":"https:\/\/247stiri.ro\/index.php\/wp-json\/wp\/v2\/posts\/27553","targetHints":{"allow":["GET"]}}],"collection":[{"href":"https:\/\/247stiri.ro\/index.php\/wp-json\/wp\/v2\/posts"}],"about":[{"href":"https:\/\/247stiri.ro\/index.php\/wp-json\/wp\/v2\/types\/post"}],"replies":[{"embeddable":true,"href":"https:\/\/247stiri.ro\/index.php\/wp-json\/wp\/v2\/comments?post=27553"}],"version-history":[{"count":0,"href":"https:\/\/247stiri.ro\/index.php\/wp-json\/wp\/v2\/posts\/27553\/revisions"}],"wp:featuredmedia":[{"embeddable":true,"href":"https:\/\/247stiri.ro\/index.php\/wp-json\/wp\/v2\/media\/27548"}],"wp:attachment":[{"href":"https:\/\/247stiri.ro\/index.php\/wp-json\/wp\/v2\/media?parent=27553"}],"wp:term":[{"taxonomy":"category","embeddable":true,"href":"https:\/\/247stiri.ro\/index.php\/wp-json\/wp\/v2\/categories?post=27553"},{"taxonomy":"post_tag","embeddable":true,"href":"https:\/\/247stiri.ro\/index.php\/wp-json\/wp\/v2\/tags?post=27553"}],"curies":[{"name":"wp","href":"https:\/\/api.w.org\/{rel}","templated":true}]}}