{"id":2756,"date":"2024-10-29T10:48:37","date_gmt":"2024-10-29T10:48:37","guid":{"rendered":"https:\/\/247stiri.ro\/index.php\/2024\/10\/29\/proiectul-de-lege-privind-pensiile-militare-a-trecut-de-camera-deputatilor-vot-covarsitor-in-favoarea-majorarii\/"},"modified":"2024-10-29T10:48:37","modified_gmt":"2024-10-29T10:48:37","slug":"proiectul-de-lege-privind-pensiile-militare-a-trecut-de-camera-deputatilor-vot-covarsitor-in-favoarea-majorarii","status":"publish","type":"post","link":"https:\/\/247stiri.ro\/index.php\/2024\/10\/29\/proiectul-de-lege-privind-pensiile-militare-a-trecut-de-camera-deputatilor-vot-covarsitor-in-favoarea-majorarii\/","title":{"rendered":"Proiectul de lege privind pensiile militare a trecut de Camera Deputa\u021bilor. Vot cov\u00e2r\u0219itor \u00een favoarea major\u0103rii"},"content":{"rendered":"<p>UPDATE Indexarea pensiilor militare a fost adoptat\u0103, mar\u021bi, de plenul Camerei Deputa\u021bilor, cu 213 voturi &#8222;pentru&#8221;, 31 &#8222;\u00eempotriv\u0103&#8221;\u0219i 19 abtineri. Doi parlamentari \u0219i-au exercitat dreptul de a nu vota.\u00a0<\/p>\n<p>&#8222;Cuantumul pensiilor militare de stat se actualizeaz\u0103 ori de c\u00e2te ori se majoreaz\u0103 solda de grad\/salariul gradului profesional \u015fi\/sau solda de func\u0163ie\/salariul de func\u0163ie al militarilor, poli\u0163i\u015ftilor \u015fi func\u0163ionarilor publici cu statut special din sistemul administra\u0163iei penitenciare, \u00een procentajele stabilite la art. 29 \u015fi 30 (pentru pensiile de serviciu &#8211; n.r.) \u015fi \u00een func\u0163ie de vechimea valorificat\u0103 prin ultima decizie de pensie, (&#8230;) astfel: potrivit gradului militar\/profesional avut la data trecerii \u00een rezerv\u0103\/\u00eencet\u0103rii raporturilor de serviciu \u015fi a mediei soldelor de func\u0163ie\/salariilor de func\u0163ie \u015fi a drepturilor b\u0103ne\u015fti, care fac parte din baza de calcul folosit\u0103 pentru stabilirea pensiei militare de stat, conform legii, \u015fi valorificate \u00een ultima decizie de pensie, ale c\u0103ror drepturi au fost deschise \u00eenainte de intrarea \u00een vigoare a prezentei legi&#8221;, prevede actul normativ adoptat de deputa\u021bi.Aceste prevederi nu vor fi aplicate pensionarilor militari care exercit\u0103 func\u0163ia de membru al Guvernului, secretar de stat, subsecretar de stat sau func\u0163ii asimilate acestora, c\u00e2t \u015fi celor care au calitatea de parlamentar, pe perioada exercit\u0103rii acestor func\u0163ii, mai prevede proiectul.\u00cen cazul \u00een care, \u00een urma actualiz\u0103rii, rezult\u0103 o pensie mai mic\u0103 dec\u00e2t cea aflat\u0103 \u00een plat\u0103, atunci se va men\u0163ine suma \u00een plat\u0103.\u00cen termen de 30 de zile de la data intr\u0103rii \u00een vigoare a prezentei legi, casa de pensii sectorial\u0103 actualizeaz\u0103 din oficiu toate pensiile militare de stat aflate \u00een plat\u0103.De asemenea, fondurile necesare pentru plata, \u00een anul 2024, a acestor drepturi se vor suporta din bugetele aprobate institu\u0163iilor din sistemul de ap\u0103rare, ordine public\u0103 \u015fi securitate na\u0163ional\u0103.<\/p>\n<p>\u0218TIREA INI\u021aIAL\u0102<\/p>\n<p>\u201dDeocamdat\u0103 avem doar un raport de adoptare comun al Comisiei de Buget-Finan\u0163e din Camera Deputa\u0163ilor \u015fi a Comisiei de Ap\u0103rare, care sunt comisii raportoare. Practic urm\u0103torul pas este votul \u00een plenul Camerei Deputa\u0163ilor. Partidul Na\u0163ional Liberal a propus acest proiect de lege. El a fost votat ast\u0103zi cu larg\u0103 majoritate \u015fi practic obiectul de reglementare este unul foarte simplu repararea unei inechit\u0103\u0163i din legea pensiilor militare. V\u0103 aminti\u0163i momentul 2017 c\u00e2nd prevederile care au fost introduse ast\u0103zi au fost scoase la momentul respectiv de ministrul muncii de atunci doamna Olgu\u0163a Vasilescu \u015fi practic ast\u0103zi prin acest proiect de lege care reactualizeaz\u0103 partea de venit din pensie cu partea de sold\u0103, facem dreptate pensionarilor militari care nu cred, din punctul nostru de vedere, c\u0103 meritau s\u0103 fie umili\u0163i ani de zile prin aceast\u0103 inechitate\u201d, a declarat Florin Roman.\u00a0<\/p>\n<p>\u00centrebat dac\u0103 recalcularea pensiilor se poate face \u00een 30 de zile \u015fi dac\u0103 exist\u0103 fonduri pentru aceasta, deputatul liberal a r\u0103spuns afirmativ.<\/p>\n<p>\u201dDa, pentru c\u0103 la Armat\u0103 e disciplin\u0103 \u015fi organizare \u015fi ne-am dorit ca toate aceste chestiuni s\u0103 le avem din timp util, astfel \u00eenc\u00e2t \u00een momentul \u00een care vom \u015fi vota bugetul anului viitor s\u0103 avem prev\u0103zute \u00een buget \u015fi sumele necesare pentru c\u0103 aceast\u0103 lege practic s\u0103 aib\u0103 \u015fi sursa de finan\u0163are necesar\u0103\u201d, a ar\u0103tat liberal.\u00a0<\/p>\n<p>Florin Roman a mai fost \u00eentrebat de ce PNL a revenit asupra amendamentului care prevedea c\u0103 aceast\u0103 m\u0103sur\u0103 nu se va aplica pensionarilor militari din cadrul Guvernului \u015fi din Parlament.\u00a0<\/p>\n<p>\u201dNoi am discutat ast\u0103zi \u00een cadrul Comisiei de Buget Finan\u0163e \u015fi de ap\u0103rare doar amendamentele asumate prin semn\u0103tur\u0103 ori \u00een amendamentele asumate prin semn\u0103tur\u0103 de liderul de grup, un asemenea amendament nu a existat. Au circulat mai multe variante de lucru, dac\u0103 nu m\u0103 \u015fel eu, patru sau cinci, care au fost rostogolite. Important este, de asta am \u015fi f\u0103cut precizarea la \u00eenceputul \u015fedin\u0163ei, c\u0103 nu discut\u0103m dec\u00e2t acele amendamente asumate prin semn\u0103tur\u0103 de c\u0103tre parlamentari, \u015fi ca s\u0103 fim foarte direc\u0163i, c\u0103 probabil \u00eentrebarea dumneavoastr\u0103 vizeaz\u0103 ceea ce spunea domnul Simonis referitor la domnul Ciuc\u0103, domnul Ciuc\u0103 a cerut \u00een mod repetat ca aceast\u0103 chestiune s\u0103 nu i se aplice domniei sale tocmai pe motivul c\u0103 \u015ftia c\u0103 va fi un atac politic din partea celor de la PSD. A\u0163i v\u0103zut ipocrizia PSD-ului. Domnul Ciolacu iese \u015fi spune, domnule, v-a\u015f ruga pe legea asta s\u0103 l\u0103sa\u0163i dezbaterile publice, s\u0103 nu transforma\u0163i institu\u0163iile statului \u00een campanie electoral\u0103, iar domnul Simonis exact asta face\u201d, a explicat Florin Roman.<\/p>","protected":false},"excerpt":{"rendered":"<p>UPDATE Indexarea pensiilor militare a fost adoptat\u0103, mar\u021bi, de plenul Camerei Deputa\u021bilor, cu 213 voturi&hellip;<\/p>\n","protected":false},"author":0,"featured_media":2743,"comment_status":"open","ping_status":"open","sticky":false,"template":"","format":"standard","meta":{"footnotes":""},"categories":[2],"tags":[],"class_list":["post-2756","post","type-post","status-publish","format-standard","has-post-thumbnail","hentry","category-actual"],"_links":{"self":[{"href":"https:\/\/247stiri.ro\/index.php\/wp-json\/wp\/v2\/posts\/2756","targetHints":{"allow":["GET"]}}],"collection":[{"href":"https:\/\/247stiri.ro\/index.php\/wp-json\/wp\/v2\/posts"}],"about":[{"href":"https:\/\/247stiri.ro\/index.php\/wp-json\/wp\/v2\/types\/post"}],"replies":[{"embeddable":true,"href":"https:\/\/247stiri.ro\/index.php\/wp-json\/wp\/v2\/comments?post=2756"}],"version-history":[{"count":0,"href":"https:\/\/247stiri.ro\/index.php\/wp-json\/wp\/v2\/posts\/2756\/revisions"}],"wp:featuredmedia":[{"embeddable":true,"href":"https:\/\/247stiri.ro\/index.php\/wp-json\/wp\/v2\/media\/2743"}],"wp:attachment":[{"href":"https:\/\/247stiri.ro\/index.php\/wp-json\/wp\/v2\/media?parent=2756"}],"wp:term":[{"taxonomy":"category","embeddable":true,"href":"https:\/\/247stiri.ro\/index.php\/wp-json\/wp\/v2\/categories?post=2756"},{"taxonomy":"post_tag","embeddable":true,"href":"https:\/\/247stiri.ro\/index.php\/wp-json\/wp\/v2\/tags?post=2756"}],"curies":[{"name":"wp","href":"https:\/\/api.w.org\/{rel}","templated":true}]}}