{"id":27569,"date":"2025-01-29T15:45:19","date_gmt":"2025-01-29T15:45:19","guid":{"rendered":"https:\/\/247stiri.ro\/index.php\/2025\/01\/29\/clipe-de-cosmar-pentru-o-femeie-de-96-de-ani-un-barbat-a-incercat-sa-o-violeze-si-sa-ii-fure-un-radio\/"},"modified":"2025-01-29T15:45:19","modified_gmt":"2025-01-29T15:45:19","slug":"clipe-de-cosmar-pentru-o-femeie-de-96-de-ani-un-barbat-a-incercat-sa-o-violeze-si-sa-ii-fure-un-radio","status":"publish","type":"post","link":"https:\/\/247stiri.ro\/index.php\/2025\/01\/29\/clipe-de-cosmar-pentru-o-femeie-de-96-de-ani-un-barbat-a-incercat-sa-o-violeze-si-sa-ii-fure-un-radio\/","title":{"rendered":"Clipe de co\u0219mar pentru o femeie de 96 de ani. Un b\u0103rbat a \u00eencercat s\u0103 o violeze \u0219i s\u0103 \u00eei fure un radio"},"content":{"rendered":"<p>Cum s-a \u00eent\u00e2mplat totul<\/p>\n<p>Conform informa\u021biilor furnizate de Inspectoratul de Poli\u021bie Jude\u021bean Buz\u0103u, cazul a fost semnalat de nepotul victimei, care a alertat autorit\u0103\u021bile despre atacul asupra bunicii sale. Poli\u021bi\u0219tii au demarat imediat cercet\u0103rile, identific\u00e2nd principalul suspect ca fiind un localnic de 50 de ani. Cu ajutorul unor c\u00e2ini de urm\u0103, for\u021bele de ordine au reu\u0219it s\u0103-l localizeze \u0219i s\u0103-l re\u021bin\u0103 \u00een doar c\u00e2teva ore de la raportarea incidentului.<\/p>\n<p>Ancheta preliminar\u0103 a relevat c\u0103 b\u0103rbatul ar fi folosit for\u021ba pentru a intra \u00een locuin\u021ba b\u0103tr\u00e2nei \u0219i ar fi recurs la violen\u021b\u0103 pentru a \u00eencerca s\u0103 o constr\u00e2ng\u0103 s\u0103 \u00eentre\u021bin\u0103 rela\u021bii sexuale.<\/p>\n<p>\u00a0Dup\u0103 ce nu \u0219i-a dus la \u00eendeplinire inten\u021bia, a p\u0103r\u0103sit locuin\u021ba cu un radio pe care l-a sustras. Pe baza probelor str\u00e2nse, anchetatorii au \u00eentocmit un dosar penal, iar instan\u021ba a dispus miercuri m\u0103sura arestului preventiv pentru 30 de zile \u00eempotriva suspectului.<\/p>","protected":false},"excerpt":{"rendered":"<p>Cum s-a \u00eent\u00e2mplat totul Conform informa\u021biilor furnizate de Inspectoratul de Poli\u021bie Jude\u021bean Buz\u0103u, cazul a&hellip;<\/p>\n","protected":false},"author":0,"featured_media":27570,"comment_status":"open","ping_status":"open","sticky":false,"template":"","format":"standard","meta":{"footnotes":""},"categories":[2],"tags":[],"class_list":["post-27569","post","type-post","status-publish","format-standard","has-post-thumbnail","hentry","category-actual"],"_links":{"self":[{"href":"https:\/\/247stiri.ro\/index.php\/wp-json\/wp\/v2\/posts\/27569","targetHints":{"allow":["GET"]}}],"collection":[{"href":"https:\/\/247stiri.ro\/index.php\/wp-json\/wp\/v2\/posts"}],"about":[{"href":"https:\/\/247stiri.ro\/index.php\/wp-json\/wp\/v2\/types\/post"}],"replies":[{"embeddable":true,"href":"https:\/\/247stiri.ro\/index.php\/wp-json\/wp\/v2\/comments?post=27569"}],"version-history":[{"count":0,"href":"https:\/\/247stiri.ro\/index.php\/wp-json\/wp\/v2\/posts\/27569\/revisions"}],"wp:featuredmedia":[{"embeddable":true,"href":"https:\/\/247stiri.ro\/index.php\/wp-json\/wp\/v2\/media\/27570"}],"wp:attachment":[{"href":"https:\/\/247stiri.ro\/index.php\/wp-json\/wp\/v2\/media?parent=27569"}],"wp:term":[{"taxonomy":"category","embeddable":true,"href":"https:\/\/247stiri.ro\/index.php\/wp-json\/wp\/v2\/categories?post=27569"},{"taxonomy":"post_tag","embeddable":true,"href":"https:\/\/247stiri.ro\/index.php\/wp-json\/wp\/v2\/tags?post=27569"}],"curies":[{"name":"wp","href":"https:\/\/api.w.org\/{rel}","templated":true}]}}