{"id":27575,"date":"2025-01-29T15:45:20","date_gmt":"2025-01-29T15:45:20","guid":{"rendered":"https:\/\/247stiri.ro\/index.php\/2025\/01\/29\/procurorului-general-alex-florenta-a-discutat-cu-omologul-olandez-despre-furtul-tezaurului-dacic-politia-olandeza-a-difuzat-o-fotografie-cu-un-suspect\/"},"modified":"2025-01-29T15:45:20","modified_gmt":"2025-01-29T15:45:20","slug":"procurorului-general-alex-florenta-a-discutat-cu-omologul-olandez-despre-furtul-tezaurului-dacic-politia-olandeza-a-difuzat-o-fotografie-cu-un-suspect","status":"publish","type":"post","link":"https:\/\/247stiri.ro\/index.php\/2025\/01\/29\/procurorului-general-alex-florenta-a-discutat-cu-omologul-olandez-despre-furtul-tezaurului-dacic-politia-olandeza-a-difuzat-o-fotografie-cu-un-suspect\/","title":{"rendered":"Procurorului general Alex Floren\u021ba a discutat cu omologul olandez despre furtul tezaurului dacic. Poli\u021bia olandez\u0103 a difuzat o FOTOGRAFIE cu un suspect"},"content":{"rendered":"<p>Cu aceast\u0103 ocazie, cei doi procurori generali au discutat aspecte legate de stadiile anchetelor aflate \u00een curs \u00een cele dou\u0103 state, nevoia de coordonare \u0219i sprijin reciproc, precum \u0219i posibilitatea form\u0103rii unei echipe comune de anchet\u0103, potrivit unui comuncta al p\u0103r\u021bii rom\u00e2ne.<\/p>\n<p>\u00cen acest sens s-a convenit ca joi, 30\u00a0 ianuarie 2025, s\u0103 aib\u0103 loc o \u00eent\u00e2lnire de coordonare la Haga, organizat\u0103 sub egida Eurojust, la care s\u0103 participe procurorul \u0219i ofi\u021berii de poli\u021bie desemna\u021bi cu ancheta \u00een Rom\u00e2nia, precum \u0219i procurorul \u0219i organele de poli\u021bie neerlandeze.<\/p>\n<p>Procurorul general Alex Floren\u021ba i-a adus la cuno\u0219tin\u021b\u0103 omologului s\u0103u faptul c\u0103 furtul comis la Muzeul din Drents are un puternic impact asupra societ\u0103\u021bii rom\u00e2ne\u0219ti, \u00eentruc\u00e2t obiectele \u00a0sustrase fac parte din patrimoniul cultural al Rom\u00e2niei \u0219i prezint\u0103 o valoare inestimabil\u0103 pentru poporul rom\u00e2n.<\/p>\n<p>\u00cen acela\u0219i context, Floren\u021ba a insistat asupra disponibilit\u0103\u021bii totale a autorit\u0103\u021bilor judiciare din Rom\u00e2nia \u00een demersul comun pentru recuperarea obiectelor de patrimoniu.<\/p>\n<p>Procuror general Sue Preenen a dat asigur\u0103ri c\u0103 autorit\u0103\u021bile judiciare neerlandeze depun toate eforturile \u00een vederea identific\u0103rii autorilor \u00een cel mai scurt timp \u0219i tragerii lor la r\u0103spundere penal\u0103.<\/p>\n<p>POLI\u021aIA A\u0218TEAPT\u0102 ORICE INFORMA\u021aIE DESPRE SUSPECTUL DIN FOTOGRAFIE<\/p>\n<p>Miercuri, poli\u021bia olandez\u0103 a publicat o poza unui posibil suspect \u00een jaful tezaurului dacic, despre care a transmis c\u0103 &#8222;are leg\u0103tur\u0103 cu furtul de la Muzeul Drents din Assen. \u00cel recunoa\u0219te\u021bi?\u201d<\/p>\n<p>\u00a0<\/p>\n<p>Suspectul purta o bluz\u0103 sport neagr\u0103, marc\u0103 Nike, o \u0219apc\u0103 neag\u0103 \u0219i ochelari, \u00een imaginile publicate de c\u0103tre poli\u021bia olandez\u0103.<\/p>\n<p>Potrivit anchetatorilor, trei persoane au fost implicate \u00een furtul coifului de la Co\u021bofene\u0219ti.<\/p>","protected":false},"excerpt":{"rendered":"<p>Cu aceast\u0103 ocazie, cei doi procurori generali au discutat aspecte legate de stadiile anchetelor aflate&hellip;<\/p>\n","protected":false},"author":0,"featured_media":27576,"comment_status":"open","ping_status":"open","sticky":false,"template":"","format":"standard","meta":{"footnotes":""},"categories":[2],"tags":[],"class_list":["post-27575","post","type-post","status-publish","format-standard","has-post-thumbnail","hentry","category-actual"],"_links":{"self":[{"href":"https:\/\/247stiri.ro\/index.php\/wp-json\/wp\/v2\/posts\/27575","targetHints":{"allow":["GET"]}}],"collection":[{"href":"https:\/\/247stiri.ro\/index.php\/wp-json\/wp\/v2\/posts"}],"about":[{"href":"https:\/\/247stiri.ro\/index.php\/wp-json\/wp\/v2\/types\/post"}],"replies":[{"embeddable":true,"href":"https:\/\/247stiri.ro\/index.php\/wp-json\/wp\/v2\/comments?post=27575"}],"version-history":[{"count":0,"href":"https:\/\/247stiri.ro\/index.php\/wp-json\/wp\/v2\/posts\/27575\/revisions"}],"wp:featuredmedia":[{"embeddable":true,"href":"https:\/\/247stiri.ro\/index.php\/wp-json\/wp\/v2\/media\/27576"}],"wp:attachment":[{"href":"https:\/\/247stiri.ro\/index.php\/wp-json\/wp\/v2\/media?parent=27575"}],"wp:term":[{"taxonomy":"category","embeddable":true,"href":"https:\/\/247stiri.ro\/index.php\/wp-json\/wp\/v2\/categories?post=27575"},{"taxonomy":"post_tag","embeddable":true,"href":"https:\/\/247stiri.ro\/index.php\/wp-json\/wp\/v2\/tags?post=27575"}],"curies":[{"name":"wp","href":"https:\/\/api.w.org\/{rel}","templated":true}]}}