{"id":27578,"date":"2025-01-29T15:45:21","date_gmt":"2025-01-29T15:45:21","guid":{"rendered":"https:\/\/247stiri.ro\/index.php\/2025\/01\/29\/barbat-prins-in-trafic-dupa-ce-a-furat-masina-unui-consatean-cum-a-fost-gasit-de-oamenii-legii\/"},"modified":"2025-01-29T15:45:21","modified_gmt":"2025-01-29T15:45:21","slug":"barbat-prins-in-trafic-dupa-ce-a-furat-masina-unui-consatean-cum-a-fost-gasit-de-oamenii-legii","status":"publish","type":"post","link":"https:\/\/247stiri.ro\/index.php\/2025\/01\/29\/barbat-prins-in-trafic-dupa-ce-a-furat-masina-unui-consatean-cum-a-fost-gasit-de-oamenii-legii\/","title":{"rendered":"B\u0103rbat prins \u00een trafic dup\u0103 ce a furat ma\u0219ina unui cons\u0103tean. Cum a fost g\u0103sit de oamenii legii"},"content":{"rendered":"<p>Interven\u021bia rapid\u0103 a poli\u021bi\u0219tilor<\/p>\n<p><a href=\"https:\/\/www.realitatea.net\/stiri\/actual\/masina-de-lux-cautata-in-polonia-a-fost-descoperita-in-portul-constanta_679540062339834b1c7d4bb5\" target=\"_blank\">Autoturismul furat<\/a> a fost depistat \u00een jurul orei 11:45 \u00een zona intersec\u021biei dintre Bulevardul Mihai Viteazu \u0219i Drumul Na\u021bional 1H, \u00een timp ce se deplasa din direc\u021bia Zal\u0103u spre Cri\u0219eni. Poli\u021bi\u0219tii au intervenit prompt \u0219i au blocat vehiculul. \u00cen momentul opririi, suspectul a devenit agresiv \u0219i a refuzat s\u0103 se supun\u0103 indica\u021biilor for\u021belor de ordine.<\/p>\n<p>Pentru a-l \u00eempiedica s\u0103 opun\u0103 rezisten\u021b\u0103,<a href=\"https:\/\/www.realitatea.net\/stiri\/actual\/barbat-suspect-de-furtul-unei-masini-din-parcarea-unui-supermarket-din-tecuci-oprit-de-politisti-cu-sistemul-spike-video_6777dbc6a3d7a6318c4a74bb\" target=\"_blank\"> poli\u021bi\u0219tii l-au imobilizat \u0219i l-au condus<\/a> la sediul Poli\u021biei Municipiului Zal\u0103u. Autorit\u0103\u021bile au deschis un dosar penal pe numele acestuia, fiind acuzat de comiterea infrac\u021biunii de furt \u00een scop de folosin\u021b\u0103.<\/p>\n<p>\u201e\u00cen urma activit\u0103\u021bilor desf\u0103\u015furate, ast\u0103zi, \u00een jurul orei 11.45, autoturismul a fost depistat \u00een zona intersec\u0163iei Bulevardul Mihai Viteazu cu drumul na\u0163ional 1 H, \u00een timp ce se deplasa din direc\u0163ia Zal\u0103u spre Cri\u015feni. Poli\u0163i\u015ftii l-au oprit, moment \u00een care b\u0103rbatul aflat la volanul autoturismului a devenit recalcitrant \u015fi nu s-a supus indica\u021biilor acestora\u201d, au transmis reprezentan\u0163ii IPJ S\u0103laj.<\/p>","protected":false},"excerpt":{"rendered":"<p>Interven\u021bia rapid\u0103 a poli\u021bi\u0219tilor Autoturismul furat a fost depistat \u00een jurul orei 11:45 \u00een zona&hellip;<\/p>\n","protected":false},"author":0,"featured_media":27579,"comment_status":"open","ping_status":"open","sticky":false,"template":"","format":"standard","meta":{"footnotes":""},"categories":[2],"tags":[],"class_list":["post-27578","post","type-post","status-publish","format-standard","has-post-thumbnail","hentry","category-actual"],"_links":{"self":[{"href":"https:\/\/247stiri.ro\/index.php\/wp-json\/wp\/v2\/posts\/27578","targetHints":{"allow":["GET"]}}],"collection":[{"href":"https:\/\/247stiri.ro\/index.php\/wp-json\/wp\/v2\/posts"}],"about":[{"href":"https:\/\/247stiri.ro\/index.php\/wp-json\/wp\/v2\/types\/post"}],"replies":[{"embeddable":true,"href":"https:\/\/247stiri.ro\/index.php\/wp-json\/wp\/v2\/comments?post=27578"}],"version-history":[{"count":0,"href":"https:\/\/247stiri.ro\/index.php\/wp-json\/wp\/v2\/posts\/27578\/revisions"}],"wp:featuredmedia":[{"embeddable":true,"href":"https:\/\/247stiri.ro\/index.php\/wp-json\/wp\/v2\/media\/27579"}],"wp:attachment":[{"href":"https:\/\/247stiri.ro\/index.php\/wp-json\/wp\/v2\/media?parent=27578"}],"wp:term":[{"taxonomy":"category","embeddable":true,"href":"https:\/\/247stiri.ro\/index.php\/wp-json\/wp\/v2\/categories?post=27578"},{"taxonomy":"post_tag","embeddable":true,"href":"https:\/\/247stiri.ro\/index.php\/wp-json\/wp\/v2\/tags?post=27578"}],"curies":[{"name":"wp","href":"https:\/\/api.w.org\/{rel}","templated":true}]}}